{"id":5870,"date":"2019-07-23T14:14:52","date_gmt":"2019-07-23T14:14:52","guid":{"rendered":"http:\/\/www.radiopresidenteibanez.cl\/web\/?p=5870"},"modified":"2019-07-23T14:15:12","modified_gmt":"2019-07-23T14:15:12","slug":"puerto-natales-contara-con-un-centro-veterinario-municipal","status":"publish","type":"post","link":"https:\/\/www.radiopresidenteibanez.cl\/web\/puerto-natales-contara-con-un-centro-veterinario-municipal\/","title":{"rendered":"PUERTO NATALES CONTAR\u00c1 CON UN CENTRO VETERINARIO MUNICIPAL"},"content":{"rendered":"\n<p>La ley de Tenencia Responsable de\nMascotas ya se encuentra vigente, es por esto que con el fin de facilitar la vacunaci\u00f3n\ny esterilizaci\u00f3n de animales dom\u00e9sticos, la Unidad Regional de la Subsecretar\u00eda\nde Desarrollo Regional y Administrativa de Magallanes facilit\u00f3 la entrega de\nrecursos para realizar un Centro Veterinario en terrenos municipales.<\/p>\n\n\n\n<p>Las autoridades llegaron hasta el\ngimnasio del liceo polit\u00e9cnico \u201cLuis Cruz Mart\u00ednez\u201d para revisar los planos de\nconstrucci\u00f3n y visitar el terreno municipal al final del pasaje Don Bosco, sector\ndonde se construir\u00e1 dicho Centro Veterinario.<\/p>\n\n\n\n<p>El alcalde de la comuna, Fernando\nParedes Mansilla se mostr\u00f3 contento por ser considerado dentro de los diez\ncentros que se van a construir en el pa\u00eds con el apoyo de la Subdere. \u201cAc\u00e1 hay\nuna necesidad que se ha planteado desde hace tiempo con un trabajo que hemos\nhecho desde hace a\u00f1os con nuestras mascotas. Hac\u00eda falta contar con un centro\nde atenci\u00f3n primaria para nuestras mascotas, era primordial &nbsp;tener un lugar donde esterilizar, un lugar\ndonde colocar vacunas y poder colocar los microchip a nuestras mascotas. Era\nabsolutamente necesario\u201d, sostuvo. <\/p>\n\n\n\n<p>En tanto, el jefe de unidad\nregional de la Subsecretar\u00eda de Desarrollo Regional, Jacques Roux Vidal,\nsubray\u00f3 la importancia que le da el gobierno a la tenencia responsable de\nmascotas, entregando recursos para ayudar y ense\u00f1ar a la poblaci\u00f3n. \u201cVamos a\ncomenzar a trabajar con las gobernaciones en coordinaci\u00f3n con los municipios\npara que este tema sea un tema ciudadano y llegue a toda la gente, y finalmente,\ntengamos una educaci\u00f3n y una cultura de tenencia responsable de animales\u201d. <\/p>\n\n\n\n<p>La gobernadora de la provincia de\n\u00daltima Esperanza, Ana Mayorga Bahamonde se\u00f1al\u00f3 que prontamente contar\u00e1n con los\nservicios de un veterinario para seguir fomentando el programa mascota\nprotegida. \u201cSeguimos trabajando de manera coordinada, unificada para llegar a\nm\u00e1s cantidad de vecinos en la provincia de \u00daltima Esperanza, y en este sentido\neste es un tremendo aporte hoy d\u00eda a lo que significa este Centro Veterinario,\nque es un Centro Veterinario que no va a atender urgencias, pero que s\u00ed va a\natender todos los otros temas vinculados al programa mascota protegida\u201d. <\/p>\n\n\n\n<p>El proyecto es financiado gracias\nal aporte de la Subdere por m\u00e1s de 57 millones y ser\u00e1 entregado en comodato a\nla sociedad protectora \u201cAmigos Fieles\u201d. La construcci\u00f3n contar\u00e1 con dos box de\nconsulta, pabell\u00f3n de cirug\u00eda, sala de preparaci\u00f3n y recuperaci\u00f3n, sala de\nespera y bodega para medicamentos, adem\u00e1s de 11 millones para la compra de\nequipamientos del centro.<\/p>\n","protected":false},"excerpt":{"rendered":"<p>La ley de Tenencia Responsable de Mascotas ya se encuentra vigente, es por esto que con el fin de facilitar la vacunaci\u00f3n y esterilizaci\u00f3n de animales dom\u00e9sticos, la Unidad Regional&#8230; <a class=\"read-more\" href=\"https:\/\/www.radiopresidenteibanez.cl\/web\/puerto-natales-contara-con-un-centro-veterinario-municipal\/\">Leer m\u00e1s<\/a><\/p>\n","protected":false},"author":2,"featured_media":5871,"comment_status":"closed","ping_status":"closed","sticky":false,"template":"","format":"standard","meta":{"footnotes":""},"categories":[1],"tags":[],"class_list":["post-5870","post","type-post","status-publish","format-standard","has-post-thumbnail","hentry","category-cronica"],"_links":{"self":[{"href":"https:\/\/www.radiopresidenteibanez.cl\/web\/wp-json\/wp\/v2\/posts\/5870","targetHints":{"allow":["GET"]}}],"collection":[{"href":"https:\/\/www.radiopresidenteibanez.cl\/web\/wp-json\/wp\/v2\/posts"}],"about":[{"href":"https:\/\/www.radiopresidenteibanez.cl\/web\/wp-json\/wp\/v2\/types\/post"}],"author":[{"embeddable":true,"href":"https:\/\/www.radiopresidenteibanez.cl\/web\/wp-json\/wp\/v2\/users\/2"}],"replies":[{"embeddable":true,"href":"https:\/\/www.radiopresidenteibanez.cl\/web\/wp-json\/wp\/v2\/comments?post=5870"}],"version-history":[{"count":0,"href":"https:\/\/www.radiopresidenteibanez.cl\/web\/wp-json\/wp\/v2\/posts\/5870\/revisions"}],"wp:featuredmedia":[{"embeddable":true,"href":"https:\/\/www.radiopresidenteibanez.cl\/web\/wp-json\/wp\/v2\/media\/5871"}],"wp:attachment":[{"href":"https:\/\/www.radiopresidenteibanez.cl\/web\/wp-json\/wp\/v2\/media?parent=5870"}],"wp:term":[{"taxonomy":"category","embeddable":true,"href":"https:\/\/www.radiopresidenteibanez.cl\/web\/wp-json\/wp\/v2\/categories?post=5870"},{"taxonomy":"post_tag","embeddable":true,"href":"https:\/\/www.radiopresidenteibanez.cl\/web\/wp-json\/wp\/v2\/tags?post=5870"}],"curies":[{"name":"wp","href":"https:\/\/api.w.org\/{rel}","templated":true}]}}