{"id":587,"date":"2019-01-18T18:18:39","date_gmt":"2019-01-18T18:18:39","guid":{"rendered":"http:\/\/www.radiopresidenteibanez.cl\/web\/?p=587"},"modified":"2019-01-18T18:18:52","modified_gmt":"2019-01-18T18:18:52","slug":"intendenta-maria-teresa-castanon-destaco-realizacion-de-seminario-hacia-nuevos-gobiernos-regionales-organizado-por-la-subdere-y-el-pnud","status":"publish","type":"post","link":"https:\/\/www.radiopresidenteibanez.cl\/web\/intendenta-maria-teresa-castanon-destaco-realizacion-de-seminario-hacia-nuevos-gobiernos-regionales-organizado-por-la-subdere-y-el-pnud\/","title":{"rendered":"INTENDENTA MAR\u00cdA TERESA CASTA\u00d1\u00d3N DESTAC\u00d3 REALIZACI\u00d3N DE SEMINARIO \u201cHACIA NUEVOS GOBIERNOS REGIONALES\u201d ORGANIZADO POR LA SUBDERE Y EL PNUD"},"content":{"rendered":"\n<p>&nbsp;\u201cEl proceso de descentralizaci\u00f3n podemos conversarlo, podemos discutirlo, pero jam\u00e1s detenerlo\u201d. Con esta tajante afirmaci\u00f3n, el subsecretario de Desarrollo Regional y Administrativo, Felipe Salaberry, dio el vamos al seminario \u201cHacia nuevos gobiernos regionales\u201d, llevado a cabo hoy en el Centro Cultural de La Moneda, ante m\u00e1s de 200 personas.<\/p>\n\n\n\n<p>La actividad, que fue organizada por Subdere y el Programa de las Naciones Unidas para el Desarrollo (PNUD), cont\u00f3 una variada gama de expositores, entre los que destacaron la ministra secretaria General de Gobierno, Cecilia P\u00e9rez, el subsecretario de Econom\u00eda, Ignacio Guerrero y la subsecretaria de Evaluaci\u00f3n Social, Alejandra Candia.<\/p>\n\n\n\n<p>Asimismo, los asistentes presenciaron las exposiciones tanto del representante residente de la oficina del PNUD en Chile, Thierry Lemaresquier y la representante residente adjunta del PNUD, Marcela R\u00edos, como de los directivos diversos servicios p\u00fablicos, y miembros de la academia.<\/p>\n\n\n\n<p>Durante su intervenci\u00f3n, el subsecretario Felipe Salaberry reafirm\u00f3 la posici\u00f3n del Gobierno del Presidente Sebasti\u00e1n Pi\u00f1era, frente al proceso de descentralizaci\u00f3n, acallando as\u00ed los trascendidos de algunos parlamentarios, que se refer\u00edan a un eventual aplazamiento en la elecci\u00f3n de los futuros gobernadores regionales, programada para 2021.&nbsp;<\/p>\n\n\n\n<p>\u201cYo me pregunto de manera seria, responsable y transparente \u00bfUn seminario de estas caracter\u00edsticas supone la idea remota, o el inter\u00e9s oculto de posponer una elecci\u00f3n? Me parece -y lo digo con mucha responsabilidad-, una falta de respeto. Una falta de respeto porque quienes aparecen all\u00ed asumiendo una mirada cr\u00edtica son aquellos que participan con nosotros, con la Subsecretar\u00eda de Desarrollo Regional en el trabajo permanente en el proceso de descentralizaci\u00f3n\u201d, afirm\u00f3 el subsecretario.<\/p>\n\n\n\n<p>Asimismo, la intendenta regional, Mar\u00eda Teresa Casta\u00f1on qui\u00e9n se encuentra en Santiago participando de este seminario se\u00f1al\u00f3 \u201choy estuvimos junto a los jefes de las divisiones del gobierno regional participando del seminario \u201cHacia nuevos gobiernos regionales\u201d donde se destac\u00f3 el compromiso que tiene nuestro Presidente Sebasti\u00e1n Pi\u00f1era, en implementar con la mayor responsabilidad y transparencia la Ley de Regionalizaci\u00f3n, por lo tanto esto es una excelente noticia para nuestra regi\u00f3n de Magallanes y la Ant\u00e1rtica Chilena, que tanto ha anhelado la descentralizaci\u00f3n\u201d.<\/p>\n\n\n\n<p>La primera autoridad regional regresa este viernes a la regi\u00f3n para retomar su agenda este fin de semana con su participaci\u00f3n en la ceremonia de inauguraci\u00f3n del XXIX\u00ba Festival de la Esquila en Villa Tehuelche, comuna de Laguna Blanca.<\/p>\n","protected":false},"excerpt":{"rendered":"<p>&nbsp;\u201cEl proceso de descentralizaci\u00f3n podemos conversarlo, podemos discutirlo, pero jam\u00e1s detenerlo\u201d. Con esta tajante afirmaci\u00f3n, el subsecretario de Desarrollo Regional y Administrativo, Felipe Salaberry, dio el vamos al seminario \u201cHacia&#8230; <a class=\"read-more\" href=\"https:\/\/www.radiopresidenteibanez.cl\/web\/intendenta-maria-teresa-castanon-destaco-realizacion-de-seminario-hacia-nuevos-gobiernos-regionales-organizado-por-la-subdere-y-el-pnud\/\">Leer m\u00e1s<\/a><\/p>\n","protected":false},"author":2,"featured_media":588,"comment_status":"closed","ping_status":"closed","sticky":false,"template":"","format":"standard","meta":{"footnotes":""},"categories":[1],"tags":[],"class_list":["post-587","post","type-post","status-publish","format-standard","has-post-thumbnail","hentry","category-cronica"],"_links":{"self":[{"href":"https:\/\/www.radiopresidenteibanez.cl\/web\/wp-json\/wp\/v2\/posts\/587","targetHints":{"allow":["GET"]}}],"collection":[{"href":"https:\/\/www.radiopresidenteibanez.cl\/web\/wp-json\/wp\/v2\/posts"}],"about":[{"href":"https:\/\/www.radiopresidenteibanez.cl\/web\/wp-json\/wp\/v2\/types\/post"}],"author":[{"embeddable":true,"href":"https:\/\/www.radiopresidenteibanez.cl\/web\/wp-json\/wp\/v2\/users\/2"}],"replies":[{"embeddable":true,"href":"https:\/\/www.radiopresidenteibanez.cl\/web\/wp-json\/wp\/v2\/comments?post=587"}],"version-history":[{"count":0,"href":"https:\/\/www.radiopresidenteibanez.cl\/web\/wp-json\/wp\/v2\/posts\/587\/revisions"}],"wp:featuredmedia":[{"embeddable":true,"href":"https:\/\/www.radiopresidenteibanez.cl\/web\/wp-json\/wp\/v2\/media\/588"}],"wp:attachment":[{"href":"https:\/\/www.radiopresidenteibanez.cl\/web\/wp-json\/wp\/v2\/media?parent=587"}],"wp:term":[{"taxonomy":"category","embeddable":true,"href":"https:\/\/www.radiopresidenteibanez.cl\/web\/wp-json\/wp\/v2\/categories?post=587"},{"taxonomy":"post_tag","embeddable":true,"href":"https:\/\/www.radiopresidenteibanez.cl\/web\/wp-json\/wp\/v2\/tags?post=587"}],"curies":[{"name":"wp","href":"https:\/\/api.w.org\/{rel}","templated":true}]}}