{"id":58699,"date":"2025-09-05T18:27:00","date_gmt":"2025-09-05T21:27:00","guid":{"rendered":"https:\/\/www.radiopresidenteibanez.cl\/web\/?p=58699"},"modified":"2025-09-05T11:32:19","modified_gmt":"2025-09-05T14:32:19","slug":"autoridades-inician-en-natales-refuerzo-de-fiscalizaciones-de-carnicerias-para-unas-fiestas-patrias-seguras","status":"publish","type":"post","link":"https:\/\/www.radiopresidenteibanez.cl\/web\/autoridades-inician-en-natales-refuerzo-de-fiscalizaciones-de-carnicerias-para-unas-fiestas-patrias-seguras\/","title":{"rendered":"AUTORIDADES INICIAN EN NATALES REFUERZO DE FISCALIZACIONES DE CARNICER\u00cdAS PARA UNAS FIESTAS PATRIAS SEGURAS"},"content":{"rendered":"\n<p>Con el objetivo de resguardar la salud de la comunidad y verificar la venta de productos c\u00e1rnicos<br>en buenas condiciones, la Seremi de Salud de Magallanes, en coordinaci\u00f3n con la Municipalidad<br>de Natales, Carabineros de Chile y el Servicio Agr\u00edcola y Ganadero (SAG), iniciaron esta semana el<br>reforzamiento de las fiscalizaciones de carnicer\u00edas y establecimientos relacionados, en preparaci\u00f3n<br>para las pr\u00f3ximas celebraciones de Fiestas Patrias. Fue as\u00ed como inspeccion\u00f3 Carnicer\u00eda Renoval,<br>no detect\u00e1ndose deficiencias en este local.<br>Estas acciones buscan verificar el cumplimiento de la normativa en una \u00e9poca en que<br>tradicionalmente aumenta el consumo de productos c\u00e1rneos. \u201cHemos iniciado la fiscalizaci\u00f3n de<br>fiestas patrias aqu\u00ed en Puerto Natales, acompa\u00f1ando a la oficina provincial de la Seremi de Salud, y<br>la idea es que la poblaci\u00f3n est\u00e9 tranquila, de que detr\u00e1s de un buen asado siempre hay la<br>seguridad de que los productos est\u00e1n en buenas condiciones, y esto lo asegura la autoridad<br>sanitaria a trav\u00e9s del reforzamiento de las inspecciones.\u201d, explic\u00f3 la Seremi de Salud, Lidia<br>Amarales.<br>Agreg\u00f3 que \u201ceste es un rol permanente que realizamos durante todo el a\u00f1o, midiendo la<br>temperatura, verificando la manipulaci\u00f3n, almacenamiento y las condiciones de los productos que<br>la poblaci\u00f3n consume, pero se intensifica en \u00e9pocas especiales de mayor consumo, como fiestas<br>patrias o A\u00f1o Nuevo\u201d.<br>Por su parte, la jefa de la Oficina Provincial de la Seremi de Salud en \u00daltima Esperanza, Paulina<br>Barrientos, destac\u00f3 que las fiscalizaciones consideran cerca de 30 instalaciones entre carnicer\u00edas y<br>panader\u00edas. \u201cNos preparamos con anticipaci\u00f3n para estas fechas, visitando los establecimientos<br>para revisar la manipulaci\u00f3n, refrigeraci\u00f3n y conservaci\u00f3n de las materias primas, resguardando<br>que todo cumpla con la normativa. Esto permite que la poblaci\u00f3n adquiera productos seguros y se<br>eviten brotes o enfermedades asociadas al consumo de alimentos contaminados\u201d, se\u00f1al\u00f3.<br>Barrientos agreg\u00f3 recomendaciones para los consumidores: \u201cComprar productos c\u00e1rnicos en<br>establecimientos autorizados, revisar que la carne est\u00e9 turgente, roja y brillante, sin mal olor.<br>Asegurarse que los cortes grandes cuenten con timbres de matadero autorizado, no comprar en<br>comercio informal ni por redes sociales, y cuidar la manipulaci\u00f3n en casa, evitando volver a<br>congelar productos ya descongelados\u201d.<br>Hans Curamil, director de Asesor\u00eda Jur\u00eddica y Seguridad P\u00fablica de la Municipalidad de Natales,<br>resalt\u00f3 la coordinaci\u00f3n interinstitucional para garantizar un 18 seguro. Explic\u00f3 que el objetivo de<br>estas revisiones es informar correctamente a la comunidad sobre el origen de la carne y prevenir<\/p>\n\n\n\n<p>la venta de productos ilegales, como los provenientes de abigeato, asegurando as\u00ed un 18 seguro<br>para las familias.<br>Jos\u00e9 Manuel Maldonado, m\u00e9dico veterinario del Servicio Agr\u00edcola y Ganadero (SAG), explic\u00f3 que<br>\u201cel objetivo de esta fiscalizaci\u00f3n en conjunto a la autoridad sanitaria es poder inspeccionar todos<br>aquellos lugares establecidos en donde se comercializa y se vende a p\u00fablico productos c\u00e1rnicos de<br>aves, de cerdos, ovinos y de bovinos, que a su vez tambi\u00e9n se encuentran autorizados para poder<br>comercializarse, y que los productos se encuentren inspeccionados de forma sanitaria, y que<br>hayan sido faenados en locales establecidos\u201d.<br>Agreg\u00f3 que la finalidad de estas acciones es transmitir un mensaje claro: con la cercan\u00eda de Fiestas<br>Patrias, todos los consumidores, para su seguridad, deben adquirir productos c\u00e1rnicos que<br>consuman en familia o que comercialicen en locales de comida \u00fanicamente de establecimientos<br>autorizados, como carnicer\u00edas y supermercados que trabajen con productos faenados de locales<br>establecidos. De esta manera, tambi\u00e9n se evita incentivar lo que conocemos como abigeato, es<br>decir, el faenamiento clandestino de animales y su posterior venta informal, lo que representa un<br>riesgo sanitario para los consumidores.<\/p>\n","protected":false},"excerpt":{"rendered":"<p>Con el objetivo de resguardar la salud de la comunidad y verificar la venta de productos c\u00e1rnicosen buenas condiciones, la Seremi de Salud de Magallanes, en coordinaci\u00f3n con la Municipalidadde&#8230; <a class=\"read-more\" href=\"https:\/\/www.radiopresidenteibanez.cl\/web\/autoridades-inician-en-natales-refuerzo-de-fiscalizaciones-de-carnicerias-para-unas-fiestas-patrias-seguras\/\">Leer m\u00e1s<\/a><\/p>\n","protected":false},"author":2,"featured_media":58700,"comment_status":"closed","ping_status":"closed","sticky":false,"template":"","format":"standard","meta":{"footnotes":""},"categories":[1],"tags":[],"class_list":["post-58699","post","type-post","status-publish","format-standard","has-post-thumbnail","hentry","category-cronica"],"_links":{"self":[{"href":"https:\/\/www.radiopresidenteibanez.cl\/web\/wp-json\/wp\/v2\/posts\/58699","targetHints":{"allow":["GET"]}}],"collection":[{"href":"https:\/\/www.radiopresidenteibanez.cl\/web\/wp-json\/wp\/v2\/posts"}],"about":[{"href":"https:\/\/www.radiopresidenteibanez.cl\/web\/wp-json\/wp\/v2\/types\/post"}],"author":[{"embeddable":true,"href":"https:\/\/www.radiopresidenteibanez.cl\/web\/wp-json\/wp\/v2\/users\/2"}],"replies":[{"embeddable":true,"href":"https:\/\/www.radiopresidenteibanez.cl\/web\/wp-json\/wp\/v2\/comments?post=58699"}],"version-history":[{"count":0,"href":"https:\/\/www.radiopresidenteibanez.cl\/web\/wp-json\/wp\/v2\/posts\/58699\/revisions"}],"wp:featuredmedia":[{"embeddable":true,"href":"https:\/\/www.radiopresidenteibanez.cl\/web\/wp-json\/wp\/v2\/media\/58700"}],"wp:attachment":[{"href":"https:\/\/www.radiopresidenteibanez.cl\/web\/wp-json\/wp\/v2\/media?parent=58699"}],"wp:term":[{"taxonomy":"category","embeddable":true,"href":"https:\/\/www.radiopresidenteibanez.cl\/web\/wp-json\/wp\/v2\/categories?post=58699"},{"taxonomy":"post_tag","embeddable":true,"href":"https:\/\/www.radiopresidenteibanez.cl\/web\/wp-json\/wp\/v2\/tags?post=58699"}],"curies":[{"name":"wp","href":"https:\/\/api.w.org\/{rel}","templated":true}]}}