{"id":58696,"date":"2025-09-05T16:34:00","date_gmt":"2025-09-05T19:34:00","guid":{"rendered":"https:\/\/www.radiopresidenteibanez.cl\/web\/?p=58696"},"modified":"2025-09-05T11:25:55","modified_gmt":"2025-09-05T14:25:55","slug":"sernameg-abre-segunda-convocatoria-del-fondo-para-laequidad-de-genero-2025","status":"publish","type":"post","link":"https:\/\/www.radiopresidenteibanez.cl\/web\/sernameg-abre-segunda-convocatoria-del-fondo-para-laequidad-de-genero-2025\/","title":{"rendered":"SernamEG abre segunda convocatoria del Fondo para laEquidad de G\u00e9nero 2025"},"content":{"rendered":"\n<p>El Servicio Nacional de la Mujer y la Equidad de G\u00e9nero (SernamEG) abri\u00f3 una segunda<br>convocatoria del Fondo para la Equidad de G\u00e9nero (FEG) 2025, que financia proyectos<br>liderados por mujeres y organizaciones en todas las regiones del pa\u00eds. La postulaci\u00f3n se<br>extender\u00e1 hasta el 23 de septiembre y est\u00e1 dirigida tanto a personas naturales como a<br>organizaciones sin fines de lucro que busquen fortalecer sus capacidades internas,<br>proyectar su trabajo hacia la comunidad o incidir en pol\u00edticas p\u00fablicas con enfoque de<br>g\u00e9nero.<br>As\u00ed lo detall\u00f3 la directora regional del SernamEG en Magallanes, Pamela Leiva Burgos,<br>quien destac\u00f3 este fondo como una herramienta concreta para promover el<br>fortalecimiento de las organizaciones y las mujeres de la zona: \u201cSabemos que en los<br>territorios m\u00e1s alejados el acceso a recursos es un desaf\u00edo permanente, por eso invitamos<br>a las organizaciones a presentar propuestas que fortalezcan su labor y ampl\u00eden su<br>impacto en la comunidad\u201d.<br>Este instrumento creado por la Ley N\u00b020.820 que dio origen al Ministerio de la Mujer y la<br>Equidad de G\u00e9nero busca reconstruir el tejido social comunitario y promover<br>transformaciones culturales que fortalezcan la ciudadan\u00eda y las relaciones igualitarias.<br>Las iniciativas pueden optar a montos de hasta $1,5 millones en la l\u00ednea de fortalecimiento<br>interno, hasta $3 millones en la l\u00ednea de expansi\u00f3n comunitaria y hasta $1,5 millones en la<br>l\u00ednea de desarrollo colaborativo, teniendo como plazo para su ejecuci\u00f3n entre noviembre y<br>diciembre de 2025.<br>\u201cCada proyecto que se concreta con apoyo del FEG significa m\u00e1s mujeres participando,<br>decidiendo e incidiendo en el desarrollo de la regi\u00f3n\u201d, declar\u00f3 Leiva, subrayando: \u201cnuestro<br>desaf\u00edo es que ninguna organizaci\u00f3n quede fuera por falta de informaci\u00f3n o<br>acompa\u00f1amiento, por lo que estamos disponibles para orientar a todas quienes quieran<br>postular\u201d.<br>Las bases t\u00e9cnicas y administrativas, que detallan los requisitos de admisibilidad, los<br>criterios de evaluaci\u00f3n y los plazos de cada etapa \u2014admisibilidad, evaluaci\u00f3n, selecci\u00f3n y<br>adjudicaci\u00f3n\u2014 se encuentran disponibles en el sitio oficial de SernamEG:<br>https:\/\/www.sernameg.gob.cl y las postulaciones se realizan a trav\u00e9s de la p\u00e1gina<br>https:\/\/www.fondos.gob.cl\/.<\/p>\n","protected":false},"excerpt":{"rendered":"<p>El Servicio Nacional de la Mujer y la Equidad de G\u00e9nero (SernamEG) abri\u00f3 una segundaconvocatoria del Fondo para la Equidad de G\u00e9nero (FEG) 2025, que financia proyectosliderados por mujeres y&#8230; <a class=\"read-more\" href=\"https:\/\/www.radiopresidenteibanez.cl\/web\/sernameg-abre-segunda-convocatoria-del-fondo-para-laequidad-de-genero-2025\/\">Leer m\u00e1s<\/a><\/p>\n","protected":false},"author":2,"featured_media":58697,"comment_status":"closed","ping_status":"closed","sticky":false,"template":"","format":"standard","meta":{"footnotes":""},"categories":[1],"tags":[],"class_list":["post-58696","post","type-post","status-publish","format-standard","has-post-thumbnail","hentry","category-cronica"],"_links":{"self":[{"href":"https:\/\/www.radiopresidenteibanez.cl\/web\/wp-json\/wp\/v2\/posts\/58696","targetHints":{"allow":["GET"]}}],"collection":[{"href":"https:\/\/www.radiopresidenteibanez.cl\/web\/wp-json\/wp\/v2\/posts"}],"about":[{"href":"https:\/\/www.radiopresidenteibanez.cl\/web\/wp-json\/wp\/v2\/types\/post"}],"author":[{"embeddable":true,"href":"https:\/\/www.radiopresidenteibanez.cl\/web\/wp-json\/wp\/v2\/users\/2"}],"replies":[{"embeddable":true,"href":"https:\/\/www.radiopresidenteibanez.cl\/web\/wp-json\/wp\/v2\/comments?post=58696"}],"version-history":[{"count":0,"href":"https:\/\/www.radiopresidenteibanez.cl\/web\/wp-json\/wp\/v2\/posts\/58696\/revisions"}],"wp:featuredmedia":[{"embeddable":true,"href":"https:\/\/www.radiopresidenteibanez.cl\/web\/wp-json\/wp\/v2\/media\/58697"}],"wp:attachment":[{"href":"https:\/\/www.radiopresidenteibanez.cl\/web\/wp-json\/wp\/v2\/media?parent=58696"}],"wp:term":[{"taxonomy":"category","embeddable":true,"href":"https:\/\/www.radiopresidenteibanez.cl\/web\/wp-json\/wp\/v2\/categories?post=58696"},{"taxonomy":"post_tag","embeddable":true,"href":"https:\/\/www.radiopresidenteibanez.cl\/web\/wp-json\/wp\/v2\/tags?post=58696"}],"curies":[{"name":"wp","href":"https:\/\/api.w.org\/{rel}","templated":true}]}}