{"id":58693,"date":"2025-09-05T14:43:00","date_gmt":"2025-09-05T17:43:00","guid":{"rendered":"https:\/\/www.radiopresidenteibanez.cl\/web\/?p=58693"},"modified":"2025-09-05T11:13:58","modified_gmt":"2025-09-05T14:13:58","slug":"con-reuniones-informativas-y-capacitaciones-a-agencias-navieras-y-tour-operadores-sag-magallanes-se-prepara-para-nueva-temporada-de-cruceros","status":"publish","type":"post","link":"https:\/\/www.radiopresidenteibanez.cl\/web\/con-reuniones-informativas-y-capacitaciones-a-agencias-navieras-y-tour-operadores-sag-magallanes-se-prepara-para-nueva-temporada-de-cruceros\/","title":{"rendered":"Con reuniones informativas y capacitaciones a agencias navieras y tour operadores, SAG Magallanes se prepara para nueva temporada de cruceros"},"content":{"rendered":"\n<p>Ad portas del inicio de la temporada de cruceros 2025- 2026 y con el fin de transmitir la normativa vigente entre las agencias navieras y tour operadores que desarrollan actividades en los distintos puertos de la regi\u00f3n, el encargado regional de control frontera de SAG Magallanes, Christian von Moltke Cornils, lider\u00f3 distintas instancias informativas y de capacitaci\u00f3n que permitir\u00e1n abordar los diversos aspectos sanitarios que involucran las recaladas de cruceros.<\/p>\n\n\n\n<p>Durante los encuentros, se detallaron las obligaciones relativas al control de plagas y enfermedades, la recepci\u00f3n de pasajeros, la inspecci\u00f3n de equipajes, el aprovisionamiento de naves y la gesti\u00f3n de desechos org\u00e1nicos, entre otros, todos temas de m\u00e1xima relevancia considerando el pr\u00f3ximo inicio de la temporada de cruceros donde se proyecta el arribo de 163 naves y casi 84\u202f000 pasajeros entre septiembre de 2025 y abril de 2026.<\/p>\n\n\n\n<p>\u201cEl arribo de una nave internacional implica m\u00faltiples verificaciones que permiten proteger el patrimonio sanitario nacional. Se fiscalizan productos de origen animal y vegetal y se asegura la correcta disposici\u00f3n final de residuos org\u00e1nicos, todo con el fin de evitar en posible ingreso de plagas y enfermedades que pudieran afectar los recursos naturales y la producci\u00f3n local y nacional. De ah\u00ed la importancia de transmitir la normativa SAG entre quienes se desempe\u00f1an en los distintos \u00e1mbitos del sector portuario, y que busca proteger el patrimonio fito y zoo sanitario del pa\u00eds\u201d, explic\u00f3 von Moltke.<\/p>\n\n\n\n<p>Cabe se\u00f1alar que la reciente temporada de cruceros 2024\u20112025 SAG Magallanes inspeccion\u00f3 m\u00e1s de 70 mil pasajeros que arribaron al pa\u00eds a trav\u00e9s de&nbsp;alguno de los controles fronterizos mar\u00edtimos&nbsp;de la regi\u00f3n: Puerto Williams, Puerto Natales, y en Punta Arenas, Puerto Mardones y Muelle Prat.<\/p>\n\n\n\n<p>Para consultas sobre esta u otras materias de atingencia SAG escr\u00edbanos a&nbsp;<a href=\"mailto:contacto.magallanes@sag.gob.cl\" target=\"_blank\" rel=\"noreferrer noopener\">contacto.magallanes@sag.gob.cl<\/a><\/p>\n","protected":false},"excerpt":{"rendered":"<p>Ad portas del inicio de la temporada de cruceros 2025- 2026 y con el fin de transmitir la normativa vigente entre las agencias navieras y tour operadores que desarrollan actividades&#8230; <a class=\"read-more\" href=\"https:\/\/www.radiopresidenteibanez.cl\/web\/con-reuniones-informativas-y-capacitaciones-a-agencias-navieras-y-tour-operadores-sag-magallanes-se-prepara-para-nueva-temporada-de-cruceros\/\">Leer m\u00e1s<\/a><\/p>\n","protected":false},"author":2,"featured_media":58694,"comment_status":"closed","ping_status":"closed","sticky":false,"template":"","format":"standard","meta":{"footnotes":""},"categories":[1],"tags":[],"class_list":["post-58693","post","type-post","status-publish","format-standard","has-post-thumbnail","hentry","category-cronica"],"_links":{"self":[{"href":"https:\/\/www.radiopresidenteibanez.cl\/web\/wp-json\/wp\/v2\/posts\/58693","targetHints":{"allow":["GET"]}}],"collection":[{"href":"https:\/\/www.radiopresidenteibanez.cl\/web\/wp-json\/wp\/v2\/posts"}],"about":[{"href":"https:\/\/www.radiopresidenteibanez.cl\/web\/wp-json\/wp\/v2\/types\/post"}],"author":[{"embeddable":true,"href":"https:\/\/www.radiopresidenteibanez.cl\/web\/wp-json\/wp\/v2\/users\/2"}],"replies":[{"embeddable":true,"href":"https:\/\/www.radiopresidenteibanez.cl\/web\/wp-json\/wp\/v2\/comments?post=58693"}],"version-history":[{"count":0,"href":"https:\/\/www.radiopresidenteibanez.cl\/web\/wp-json\/wp\/v2\/posts\/58693\/revisions"}],"wp:featuredmedia":[{"embeddable":true,"href":"https:\/\/www.radiopresidenteibanez.cl\/web\/wp-json\/wp\/v2\/media\/58694"}],"wp:attachment":[{"href":"https:\/\/www.radiopresidenteibanez.cl\/web\/wp-json\/wp\/v2\/media?parent=58693"}],"wp:term":[{"taxonomy":"category","embeddable":true,"href":"https:\/\/www.radiopresidenteibanez.cl\/web\/wp-json\/wp\/v2\/categories?post=58693"},{"taxonomy":"post_tag","embeddable":true,"href":"https:\/\/www.radiopresidenteibanez.cl\/web\/wp-json\/wp\/v2\/tags?post=58693"}],"curies":[{"name":"wp","href":"https:\/\/api.w.org\/{rel}","templated":true}]}}