{"id":58690,"date":"2025-09-05T12:19:00","date_gmt":"2025-09-05T15:19:00","guid":{"rendered":"https:\/\/www.radiopresidenteibanez.cl\/web\/?p=58690"},"modified":"2025-09-05T10:42:50","modified_gmt":"2025-09-05T13:42:50","slug":"reinsercion-social-juvenil-abre-segundo-ciclo-2025-para-acreditacion-de-mediadores","status":"publish","type":"post","link":"https:\/\/www.radiopresidenteibanez.cl\/web\/reinsercion-social-juvenil-abre-segundo-ciclo-2025-para-acreditacion-de-mediadores\/","title":{"rendered":"REINSERCI\u00d3N SOCIAL JUVENIL ABRE SEGUNDO CICLO 2025 PARA ACREDITACI\u00d3N DE MEDIADORES"},"content":{"rendered":"\n<p>El Servicio Nacional de Reinserci\u00f3n Social Juvenil inici\u00f3 este lunes 1 de septiembre, el llamado p\u00fablico a presentar solicitudes de acreditaci\u00f3n para que personas naturales puedan obtener la calidad de mediador acreditado, el que estar\u00e1 habilitado hasta el lunes 15 de septiembre.<\/p>\n\n\n\n<p>Cabe destacar que de acuerdo con lo dispuesto en la ley N\u00b021.527, tanto el programa de Mediaci\u00f3n Penal Juvenil y el componente de mediaci\u00f3n del programa Servicio en Beneficio a la Comunidad y Reparaci\u00f3n del Da\u00f1o, podr\u00e1n ser ejecutados \u00fanicamente por los mediadores penales juveniles acreditados.<\/p>\n\n\n\n<p><strong>Mediaci\u00f3n Penal Juvenil<\/strong><\/p>\n\n\n\n<p>La Mediaci\u00f3n Penal Juvenil es una v\u00eda complementaria a la justicia tradicional, que consiste en un proceso restaurativo y especializado, donde la v\u00edctima y el imputado acuerdan determinar conjuntamente la reparaci\u00f3n real o simb\u00f3lica del da\u00f1o ocasionado con la comisi\u00f3n del delito, asistidos por un mediador.<\/p>\n\n\n\n<p>Es una de las grandes novedades que incluy\u00f3 la Ley 21.547 que crea el Servicio Nacional de Reinserci\u00f3n Social Juvenil, y que durante el a\u00f1o 2024 concret\u00f3 un total de 236 mediaciones, cuando el servicio estaba implementado tan solo entre las regiones de Arica y Coquimbo.<\/p>\n\n\n\n<p>Para la directora nacional del Servicio de Reinserci\u00f3n Social Juvenil, Roc\u00edo Fa\u00fandez, la mediaci\u00f3n penal juvenil es una herramienta novedosa y oportuna, que ha permitido entregar una reparaci\u00f3n concreta a las v\u00edctimas, a la vez que genera en los j\u00f3venes una mayor responsabilidad de sus actos.<\/p>\n\n\n\n<p>\u201cA trav\u00e9s de un proceso de mediaci\u00f3n, el joven puede dimensionar las implicancias de involucrarse con el delito y genere un acto de reparaci\u00f3n que a la v\u00edctima le parezca satisfactorio, que puede ser realizar una actividad comunitaria o si el joven tiene alg\u00fan consumo problem\u00e1tico, ingresar en un tratamiento, o puede ser tambi\u00e9n una reparaci\u00f3n mucho m\u00e1s dirigida hacia la v\u00edctima\u201d, se\u00f1al\u00f3 la directora nacional.<\/p>\n\n\n\n<p>Toda persona natural que quiera para participar del segundo ciclo del proceso 2025, puede encontrar la documentaci\u00f3n e informaci\u00f3n necesaria en la p\u00e1gina del Servicio Nacional de Reinserci\u00f3n Social Juvenil o ingresando directamente al siguiente hiperv\u00ednculo:<\/p>\n\n\n\n<figure class=\"wp-block-embed\"><div class=\"wp-block-embed__wrapper\">\nhttps:\/\/www.reinsercionjuvenil.gob.cl\/consejode-estandares-y-acreditacion\/convocatoria-personas-naturales-2025\n<\/div><\/figure>\n","protected":false},"excerpt":{"rendered":"<p>El Servicio Nacional de Reinserci\u00f3n Social Juvenil inici\u00f3 este lunes 1 de septiembre, el llamado p\u00fablico a presentar solicitudes de acreditaci\u00f3n para que personas naturales puedan obtener la calidad de&#8230; <a class=\"read-more\" href=\"https:\/\/www.radiopresidenteibanez.cl\/web\/reinsercion-social-juvenil-abre-segundo-ciclo-2025-para-acreditacion-de-mediadores\/\">Leer m\u00e1s<\/a><\/p>\n","protected":false},"author":2,"featured_media":58691,"comment_status":"closed","ping_status":"closed","sticky":false,"template":"","format":"standard","meta":{"footnotes":""},"categories":[1],"tags":[],"class_list":["post-58690","post","type-post","status-publish","format-standard","has-post-thumbnail","hentry","category-cronica"],"_links":{"self":[{"href":"https:\/\/www.radiopresidenteibanez.cl\/web\/wp-json\/wp\/v2\/posts\/58690","targetHints":{"allow":["GET"]}}],"collection":[{"href":"https:\/\/www.radiopresidenteibanez.cl\/web\/wp-json\/wp\/v2\/posts"}],"about":[{"href":"https:\/\/www.radiopresidenteibanez.cl\/web\/wp-json\/wp\/v2\/types\/post"}],"author":[{"embeddable":true,"href":"https:\/\/www.radiopresidenteibanez.cl\/web\/wp-json\/wp\/v2\/users\/2"}],"replies":[{"embeddable":true,"href":"https:\/\/www.radiopresidenteibanez.cl\/web\/wp-json\/wp\/v2\/comments?post=58690"}],"version-history":[{"count":0,"href":"https:\/\/www.radiopresidenteibanez.cl\/web\/wp-json\/wp\/v2\/posts\/58690\/revisions"}],"wp:featuredmedia":[{"embeddable":true,"href":"https:\/\/www.radiopresidenteibanez.cl\/web\/wp-json\/wp\/v2\/media\/58691"}],"wp:attachment":[{"href":"https:\/\/www.radiopresidenteibanez.cl\/web\/wp-json\/wp\/v2\/media?parent=58690"}],"wp:term":[{"taxonomy":"category","embeddable":true,"href":"https:\/\/www.radiopresidenteibanez.cl\/web\/wp-json\/wp\/v2\/categories?post=58690"},{"taxonomy":"post_tag","embeddable":true,"href":"https:\/\/www.radiopresidenteibanez.cl\/web\/wp-json\/wp\/v2\/tags?post=58690"}],"curies":[{"name":"wp","href":"https:\/\/api.w.org\/{rel}","templated":true}]}}