{"id":58687,"date":"2025-09-05T10:56:00","date_gmt":"2025-09-05T13:56:00","guid":{"rendered":"https:\/\/www.radiopresidenteibanez.cl\/web\/?p=58687"},"modified":"2025-09-05T10:28:30","modified_gmt":"2025-09-05T13:28:30","slug":"estudiantes-de-puerto-natales-se-capacitan-en-seguridad-y-salud-laboral","status":"publish","type":"post","link":"https:\/\/www.radiopresidenteibanez.cl\/web\/estudiantes-de-puerto-natales-se-capacitan-en-seguridad-y-salud-laboral\/","title":{"rendered":"Estudiantes de Puerto Natales se capacitan en seguridad y salud laboral"},"content":{"rendered":"\n<p>Para fortalecer la formaci\u00f3n integral laboral de estudiantes de Turismo del Liceo Bicentenario Polit\u00e9cnico Luis Cruz Mart\u00ednez, el pasado 2 de septiembre se llev\u00f3 a cabo una capacitaci\u00f3n sobre La Ley 16.744 que establece el Seguro Social contra Riesgos de Accidentes del Trabajo y Enfermedades Profesionales.<br>La actividad fue impartida por la directora regional del Instituto de Seguridad Laboral (ISL) Magallanes, Marilyn C\u00e1rdenas, y cont\u00f3 con la participaci\u00f3n de 17 estudiantes, quienes recibieron informaci\u00f3n sobre temas esenciales como la prevenci\u00f3n de riesgos laborales, los derechos y deberes de trabajadores y empleadores, y la importancia del autocuidado en el entorno laboral.<br>\u00abEs fundamental que los futuros profesionales del turismo comprendan la importancia de la Ley 16.744, ya que no solo protege su seguridad y salud, sino que tambi\u00e9n les entrega herramientas para prevenir riesgos y actuar con responsabilidad en su lugar de trabajo. As\u00ed contribuimos a formar trabajadores m\u00e1s seguros y conscientes\u00bb, se\u00f1al\u00f3 la directora regional del<br>ISL.<br>Por su parte, la seremi del Trabajo y Previsi\u00f3n Social, Jessica Bengoa, destac\u00f3 que \u201cel Instituto de Seguridad Laboral, ISL, de la mano de su directora, Marilyn C\u00e1rdenas, ha desarrollado un trabajo muy intensivo y preocupado con las y los estudiantes de los liceos t\u00e9cnico profesionales, no<br>solo de Punta Arenas, sino que de toda la regi\u00f3n, estableciendo un v\u00ednculo estrecho en el sentido de entregarles a ellos y ellas toda la capacitaci\u00f3n que requieren en materia de seguridad y en el \u00e1mbito laboral, una gesti\u00f3n que, sin duda, es necesario resaltar\u201d.<br>Para el director del liceo Bicentenario Polit\u00e9cnico Luis Cruz Mart\u00ednez, Juan Agust\u00edn Crovetto Figueroa, \u201cesta preparaci\u00f3n para la certificaci\u00f3n, que va m\u00e1s all\u00e1 de lo tradicional, fortalece no solo la empleabilidad de nuestros estudiantes, sino que tambi\u00e9n contribuye a elevar los est\u00e1ndares de<br>seguridad en la industria tur\u00edstica. Estamos convencidos de que nuestros futuros egresados ser\u00e1n gu\u00edas m\u00e1s competentes y responsables, capaces de prevenir y gestionar cualquier contingencia\u201d.<br>\u201cUn gu\u00eda tur\u00edstico no solo debe ser un experto en su \u00e1rea, sino tambi\u00e9n un promotor de la seguridad para s\u00ed mismo y para los dem\u00e1s. Gracias a la participaci\u00f3n del ISL en la formaci\u00f3n de estas competencias preventivas, Instituto de Seguridad Laboral: servicio p\u00fablico dependiente de la Subsecretar\u00eda de Previsi\u00f3n Social del Ministerio del Trabajo y organismo administrador de la Ley 16.744 del Seguro Social contra Riesgos de Accidentes del Trabajo y Enfermedades Profesionales.<\/p>\n\n\n\n<p>Instituto de Seguridad Laboral, Teatinos 726, Santiago &#8211; www.isl.gob.cl<br>nuestros estudiantes adquieren una ventaja diferencial en el mercado<br>laboral, aprendiendo a identificar riesgos, actuar en emergencias y<br>comprender los beneficios que les otorga la ley, incluyendo prestaciones<br>m\u00e9dicas y econ\u00f3micas\u201d se\u00f1al\u00f3 Crovetto.<br>Si desean obtener m\u00e1s informaci\u00f3n sobre seguridad y salud laboral, visite el<br>sitio www.isl.gob.cl<\/p>\n","protected":false},"excerpt":{"rendered":"<p>Para fortalecer la formaci\u00f3n integral laboral de estudiantes de Turismo del Liceo Bicentenario Polit\u00e9cnico Luis Cruz Mart\u00ednez, el pasado 2 de septiembre se llev\u00f3 a cabo una capacitaci\u00f3n sobre La&#8230; <a class=\"read-more\" href=\"https:\/\/www.radiopresidenteibanez.cl\/web\/estudiantes-de-puerto-natales-se-capacitan-en-seguridad-y-salud-laboral\/\">Leer m\u00e1s<\/a><\/p>\n","protected":false},"author":2,"featured_media":58688,"comment_status":"closed","ping_status":"closed","sticky":false,"template":"","format":"standard","meta":{"footnotes":""},"categories":[1],"tags":[],"class_list":["post-58687","post","type-post","status-publish","format-standard","has-post-thumbnail","hentry","category-cronica"],"_links":{"self":[{"href":"https:\/\/www.radiopresidenteibanez.cl\/web\/wp-json\/wp\/v2\/posts\/58687","targetHints":{"allow":["GET"]}}],"collection":[{"href":"https:\/\/www.radiopresidenteibanez.cl\/web\/wp-json\/wp\/v2\/posts"}],"about":[{"href":"https:\/\/www.radiopresidenteibanez.cl\/web\/wp-json\/wp\/v2\/types\/post"}],"author":[{"embeddable":true,"href":"https:\/\/www.radiopresidenteibanez.cl\/web\/wp-json\/wp\/v2\/users\/2"}],"replies":[{"embeddable":true,"href":"https:\/\/www.radiopresidenteibanez.cl\/web\/wp-json\/wp\/v2\/comments?post=58687"}],"version-history":[{"count":0,"href":"https:\/\/www.radiopresidenteibanez.cl\/web\/wp-json\/wp\/v2\/posts\/58687\/revisions"}],"wp:featuredmedia":[{"embeddable":true,"href":"https:\/\/www.radiopresidenteibanez.cl\/web\/wp-json\/wp\/v2\/media\/58688"}],"wp:attachment":[{"href":"https:\/\/www.radiopresidenteibanez.cl\/web\/wp-json\/wp\/v2\/media?parent=58687"}],"wp:term":[{"taxonomy":"category","embeddable":true,"href":"https:\/\/www.radiopresidenteibanez.cl\/web\/wp-json\/wp\/v2\/categories?post=58687"},{"taxonomy":"post_tag","embeddable":true,"href":"https:\/\/www.radiopresidenteibanez.cl\/web\/wp-json\/wp\/v2\/tags?post=58687"}],"curies":[{"name":"wp","href":"https:\/\/api.w.org\/{rel}","templated":true}]}}