{"id":58683,"date":"2025-09-05T09:49:49","date_gmt":"2025-09-05T12:49:49","guid":{"rendered":"https:\/\/www.radiopresidenteibanez.cl\/web\/?p=58683"},"modified":"2025-09-05T10:13:53","modified_gmt":"2025-09-05T13:13:53","slug":"con-la-tarjeta-integracion-austral-familias-de-rio-gallegos-accederan-a-descuentos-para-viajar-a-punta-arenas-y-conocer-las-pinguineras","status":"publish","type":"post","link":"https:\/\/www.radiopresidenteibanez.cl\/web\/con-la-tarjeta-integracion-austral-familias-de-rio-gallegos-accederan-a-descuentos-para-viajar-a-punta-arenas-y-conocer-las-pinguineras\/","title":{"rendered":"Con la Tarjeta Integraci\u00f3n Austral, familias de R\u00edo Gallegos acceder\u00e1n a descuentos para viajar a Punta Arenas y conocer las ping\u00fcineras"},"content":{"rendered":"\n<p>En el marco del lanzamiento de la Tarjeta Integraci\u00f3n Austral, TABSA difundi\u00f3 en R\u00edo Gallego, los beneficios que este instrumento brinda a las familias que desean visitar las ping\u00fcineras de isla Magdalena donde se concentra la mayor poblaci\u00f3n de ping\u00fcinos de la Patagonia.<\/p>\n\n\n\n<p>As\u00ed lo destac\u00f3 el Subgerente de Conectividad y Servicios al Cliente de TABSA, Sebasti\u00e1n Timis, quien, junto a representantes de organismos p\u00fablicos y empresas se dieron cita en la capital de la provincia de Santa Cruz, en donde el Alcalde de Punta Arenas, Claudio Radonich y el Intendente de R\u00edo Gallegos, Pablo Grasso, encabezaron el lanzamiento de la Tarjeta de Integraci\u00f3n Austral.<\/p>\n\n\n\n<p>\u201cCon&nbsp; esta tarjeta, al igual que la tarjeta Punta Arenas, las familias pueden acceder a un descuento de un 40 por ciento y hasta dos ni\u00f1os con pasaje liberado para visitar las ping\u00fcineras de isla Magdalena, servicio que esperamos iniciar en noviembre de este a\u00f1o\u201d, explic\u00f3 el ejecutivo.<\/p>\n\n\n\n<p>El alcalde Radonich, en tanto, dijo que la Tarjeta de Integraci\u00f3n Austral es un esfuerzo conjunto para imprimir dinamismo a la econom\u00eda de ambas comunas. \u201cEsto es muy concreto y no es con fondos p\u00fablicos, lo que hacemos es una gesti\u00f3n de integraci\u00f3n con representantes del mundo de hoteles, restaurantes y del turismo\u201d, dijo el edil.<\/p>\n\n\n\n<p>En relaci\u00f3n a esta iniciativa p\u00fablico-privada, Pablo Grasso, dijo que \u201chay un credibilidad de las partes, hay confianza para poder generar este tipo de actividades juntos, en una situaci\u00f3n que va a ser muy aprovechada por los comerciantes de nuestra ciudad y de Punta Arenas y de otras ciudades que se van a querer incorporar\u201d.<\/p>\n","protected":false},"excerpt":{"rendered":"<p>En el marco del lanzamiento de la Tarjeta Integraci\u00f3n Austral, TABSA difundi\u00f3 en R\u00edo Gallego, los beneficios que este instrumento brinda a las familias que desean visitar las ping\u00fcineras de&#8230; <a class=\"read-more\" href=\"https:\/\/www.radiopresidenteibanez.cl\/web\/con-la-tarjeta-integracion-austral-familias-de-rio-gallegos-accederan-a-descuentos-para-viajar-a-punta-arenas-y-conocer-las-pinguineras\/\">Leer m\u00e1s<\/a><\/p>\n","protected":false},"author":2,"featured_media":58684,"comment_status":"closed","ping_status":"closed","sticky":false,"template":"","format":"standard","meta":{"footnotes":""},"categories":[1],"tags":[],"class_list":["post-58683","post","type-post","status-publish","format-standard","has-post-thumbnail","hentry","category-cronica"],"_links":{"self":[{"href":"https:\/\/www.radiopresidenteibanez.cl\/web\/wp-json\/wp\/v2\/posts\/58683","targetHints":{"allow":["GET"]}}],"collection":[{"href":"https:\/\/www.radiopresidenteibanez.cl\/web\/wp-json\/wp\/v2\/posts"}],"about":[{"href":"https:\/\/www.radiopresidenteibanez.cl\/web\/wp-json\/wp\/v2\/types\/post"}],"author":[{"embeddable":true,"href":"https:\/\/www.radiopresidenteibanez.cl\/web\/wp-json\/wp\/v2\/users\/2"}],"replies":[{"embeddable":true,"href":"https:\/\/www.radiopresidenteibanez.cl\/web\/wp-json\/wp\/v2\/comments?post=58683"}],"version-history":[{"count":0,"href":"https:\/\/www.radiopresidenteibanez.cl\/web\/wp-json\/wp\/v2\/posts\/58683\/revisions"}],"wp:featuredmedia":[{"embeddable":true,"href":"https:\/\/www.radiopresidenteibanez.cl\/web\/wp-json\/wp\/v2\/media\/58684"}],"wp:attachment":[{"href":"https:\/\/www.radiopresidenteibanez.cl\/web\/wp-json\/wp\/v2\/media?parent=58683"}],"wp:term":[{"taxonomy":"category","embeddable":true,"href":"https:\/\/www.radiopresidenteibanez.cl\/web\/wp-json\/wp\/v2\/categories?post=58683"},{"taxonomy":"post_tag","embeddable":true,"href":"https:\/\/www.radiopresidenteibanez.cl\/web\/wp-json\/wp\/v2\/tags?post=58683"}],"curies":[{"name":"wp","href":"https:\/\/api.w.org\/{rel}","templated":true}]}}