{"id":58680,"date":"2025-09-05T08:59:00","date_gmt":"2025-09-05T11:59:00","guid":{"rendered":"https:\/\/www.radiopresidenteibanez.cl\/web\/?p=58680"},"modified":"2025-09-05T08:20:42","modified_gmt":"2025-09-05T11:20:42","slug":"boletin-informativo-orbe-70","status":"publish","type":"post","link":"https:\/\/www.radiopresidenteibanez.cl\/web\/boletin-informativo-orbe-70\/","title":{"rendered":"BOLETIN INFORMATIVO ORBE"},"content":{"rendered":"\n<p>RIO DE JANEIRO (BRASIL).- Ni el cambio de cuerpo t\u00e9cnico<br>rescat\u00f3 a la selecci\u00f3n chilena de su profunda crisis, ya que<br>la noche del jueves sufri\u00f3 una inapelable derrota 3-0 ante<br>Brasil en el Estadio Maracan\u00e1, hundi\u00e9ndose m\u00e1s en el \u00faltimo<br>lugar de las Clasificatorias Sudamericanas. Ya eliminados de<br>la cita planetaria, el elenco dirigido por el interino<br>Nicol\u00e1s C\u00f3rdova no ten\u00eda mayor objetivo.<\/p>\n\n\n\n<p>RIO DE JANEIRO (BRASIL).- El pitazo final sell\u00f3 una dura<br>ca\u00edda para Chile, que volvi\u00f3 a quedar en deuda en ataque y<br>sum\u00f3 su octavo partido sin anotar como visitante. Este<br>resultado mantuvo a La Roja en el fondo de la tabla con diez<br>puntos, dos por debajo de Per\u00fa, en lo que ha sido una campa\u00f1a<br>irregular.<\/p>\n\n\n\n<p>RIO DE JANEIRO (BRASIL).-En la \u00faltima fecha de las<br>Clasificatorias, los de C\u00f3rdova recibir\u00e1n a Uruguay en<br>Santiago este martes 9 de septiembre, En la ocasi\u00f3n, buscar\u00e1<br>cerrar con dignidad el proceso a partir de las 20:30 horas<br>(00:30 GMT).<\/p>\n\n\n\n<p>SANTIAGO.- El Ministerio de Salud anunci\u00f3 la destituci\u00f3n de<br>cuatro funcionarios del Hospital Base San Jos\u00e9 de Osorno,<br>tras confirmar su participaci\u00f3n en los actos de tortura<br>cometidos contra un trabajador con Trastorno del Espectro<br>Autista, TEA, entre 2018 y 2020. La cartera, que calific\u00f3 los<br>hechos como de \u00abalta conmoci\u00f3n p\u00fablica y humana\u00bb, conden\u00f3<br>en\u00e9rgicamente los actos y tom\u00f3 medidas inmediatas para<br>sancionar a los involucrados.<\/p>\n\n\n\n<p>SANTIAGO.- Tras tomar conocimiento de los hechos a trav\u00e9s de<br>un reportaje period\u00edstico, la ministra de Salud, Ximena<br>Aguilera, ofici\u00f3 al Servicio de Salud de Osorno para que<br>entregara de manera inmediata todos los antecedentes del<br>caso. Una vez recibida la informaci\u00f3n, se orden\u00f3 la<br>designaci\u00f3n de un enviado especial de la secretaria de<br>Estado, un abogado, que ya se encuentra en el hospital.<\/p>\n\n\n\n<p>SANTIAGO.- Adem\u00e1s de la destituci\u00f3n de los funcionarios, el<br>Minsal tom\u00f3 otras medidas, como la entrega de todos los<br>antecedentes del sumario administrativo y de la denuncia al<br>Instituto Nacional de Derechos Humanos, INDH. Tambi\u00e9n se<br>orden\u00f3 al Servicio de Salud Osorno que ejecute de inmediato<br>las sanciones administrativas, que se traducen en la<br>destituci\u00f3n de los cuatro funcionarios involucrados en los<br>graves episodios.<\/p>\n","protected":false},"excerpt":{"rendered":"<p>RIO DE JANEIRO (BRASIL).- Ni el cambio de cuerpo t\u00e9cnicorescat\u00f3 a la selecci\u00f3n chilena de su profunda crisis, ya quela noche del jueves sufri\u00f3 una inapelable derrota 3-0 anteBrasil en&#8230; <a class=\"read-more\" href=\"https:\/\/www.radiopresidenteibanez.cl\/web\/boletin-informativo-orbe-70\/\">Leer m\u00e1s<\/a><\/p>\n","protected":false},"author":2,"featured_media":58681,"comment_status":"closed","ping_status":"closed","sticky":false,"template":"","format":"standard","meta":{"footnotes":""},"categories":[1],"tags":[],"class_list":["post-58680","post","type-post","status-publish","format-standard","has-post-thumbnail","hentry","category-cronica"],"_links":{"self":[{"href":"https:\/\/www.radiopresidenteibanez.cl\/web\/wp-json\/wp\/v2\/posts\/58680","targetHints":{"allow":["GET"]}}],"collection":[{"href":"https:\/\/www.radiopresidenteibanez.cl\/web\/wp-json\/wp\/v2\/posts"}],"about":[{"href":"https:\/\/www.radiopresidenteibanez.cl\/web\/wp-json\/wp\/v2\/types\/post"}],"author":[{"embeddable":true,"href":"https:\/\/www.radiopresidenteibanez.cl\/web\/wp-json\/wp\/v2\/users\/2"}],"replies":[{"embeddable":true,"href":"https:\/\/www.radiopresidenteibanez.cl\/web\/wp-json\/wp\/v2\/comments?post=58680"}],"version-history":[{"count":0,"href":"https:\/\/www.radiopresidenteibanez.cl\/web\/wp-json\/wp\/v2\/posts\/58680\/revisions"}],"wp:featuredmedia":[{"embeddable":true,"href":"https:\/\/www.radiopresidenteibanez.cl\/web\/wp-json\/wp\/v2\/media\/58681"}],"wp:attachment":[{"href":"https:\/\/www.radiopresidenteibanez.cl\/web\/wp-json\/wp\/v2\/media?parent=58680"}],"wp:term":[{"taxonomy":"category","embeddable":true,"href":"https:\/\/www.radiopresidenteibanez.cl\/web\/wp-json\/wp\/v2\/categories?post=58680"},{"taxonomy":"post_tag","embeddable":true,"href":"https:\/\/www.radiopresidenteibanez.cl\/web\/wp-json\/wp\/v2\/tags?post=58680"}],"curies":[{"name":"wp","href":"https:\/\/api.w.org\/{rel}","templated":true}]}}