{"id":58677,"date":"2025-09-05T08:11:54","date_gmt":"2025-09-05T11:11:54","guid":{"rendered":"https:\/\/www.radiopresidenteibanez.cl\/web\/?p=58677"},"modified":"2025-09-05T08:12:34","modified_gmt":"2025-09-05T11:12:34","slug":"secreduc-firmo-convenio-de-colaboracion-en-convivencia-y-mediacion-escolar-con-la-universidad-de-magallanes-y-la-corporacion-de-asistencia-judicial","status":"publish","type":"post","link":"https:\/\/www.radiopresidenteibanez.cl\/web\/secreduc-firmo-convenio-de-colaboracion-en-convivencia-y-mediacion-escolar-con-la-universidad-de-magallanes-y-la-corporacion-de-asistencia-judicial\/","title":{"rendered":"Secreduc firm\u00f3 Convenio de Colaboraci\u00f3n en Convivencia y Mediaci\u00f3n Escolar con la Universidad de Magallanes y la corporacion de Asistencia Judicial"},"content":{"rendered":"\n<p>En el marco del trabajo intersectorial, la Secretar\u00eda Regional Ministerial de Educaci\u00f3n, la Universidad de Magallanes y la Corporaci\u00f3n de Asistencia Judicial firmaron un Convenio de Colaboraci\u00f3n en Convivencia y Mediaci\u00f3n Escolar, por tres a\u00f1os, en dependencias del Liceo Polit\u00e9cnico Luis Cruz Mart\u00ednez de Natales, con el objetivo de abordar estrategias de prevenci\u00f3n y manejo de situaciones de conflicto en las aulas.<\/p>\n\n\n\n<p>En la ceremonia estuvieron presentes estudiantes de 6\u00b0 y 7\u00b0 b\u00e1sico de los siguientes establecimientos educacionales: Escuela Juan Ladrillero, Escuela Baudilia Avenda\u00f1o, Colegio Maria Mazzarello, Liceo Salesiano Monse\u00f1or Fagnano, quienes estuvieron acompa\u00f1ados por sus directores.<\/p>\n\n\n\n<p>\u201cValoramos la ratificaci\u00f3n de este convenio que acoge un requerimiento de las comunidades educativas para tener m\u00e1s herramientas en una materia tan importante y desafiante para el sector educaci\u00f3n como lo es la convivencia educativa. Hoy estamos con los estudiantes que se est\u00e1n formando para la mediaci\u00f3n escolar. Sabemos que har\u00e1n una importante contribuci\u00f3n en sus escuelas, teniendo herramientas que le acompa\u00f1ar\u00e1n el resto de sus vidas\u201d, indic\u00f3 el seremi de Educaci\u00f3n, Valent\u00edn Aguilera G\u00f3mez.<\/p>\n\n\n\n<p>Por su parte, la seremi de Justicia y Derechos Humanos, Michelle Peutat Alvarado, expres\u00f3 que \u201cla renovaci\u00f3n de este convenio de colaboraci\u00f3n reafirma nuestro compromiso con la formaci\u00f3n de estudiantes en la Regi\u00f3n de Magallanes, entreg\u00e1ndoles herramientas concretas para prevenir y resolver conflictos de manera pac\u00edfica. La mediaci\u00f3n escolar es una v\u00eda que fortalece la convivencia, promueve el respeto mutuo y contribuye a construir comunidades educativas m\u00e1s inclusivas y democr\u00e1ticas\u201d.<\/p>\n\n\n\n<p>La vicerrectora de Vinculaci\u00f3n con el Medio de la Universidad de Magallanes, Lorena Aguilar Soto, explic\u00f3 que \u201cpara nosotros es una manera de ratificar estos m\u00e1s de 12 a\u00f1os que llevamos trabajando, pudiendo proponer la mediaci\u00f3n como una estrategia alternativa y pac\u00edfica de resoluci\u00f3n de conflictos. Hemos estado en toda la regi\u00f3n, en Puerto Williams, ac\u00e1 en Natales, en Porvenir y en Punta Arenas. Y este a\u00f1o estamos haciendo el seguimiento a los mediadores y las mediadoras que formamos el 2024. Esto nos permite ir viendo un poco las competencias, las habilidades y tambi\u00e9n que desarrollen actividades de mediaci\u00f3n en sus establecimientos educacionales\u201d.<\/p>\n\n\n\n<p><strong>Estudiante<\/strong><\/p>\n\n\n\n<p>\u201cYo siento que es algo muy importante, porque si no hubiera convivencia todo ser\u00eda diferente. Quiz\u00e1s no habr\u00eda alegr\u00eda, no habr\u00eda como una justicia que aclare si algo est\u00e1 mal o algo est\u00e1 bien. Siempre hay que resolver de manera pac\u00edfica, porque si actuamos de una manera agresiva, la persona a la que le queremos hablar puede tornarlo de esa manera, es como un espejo\u201d, explic\u00f3 el estudiante de 6\u00b0 a\u00f1o b\u00e1sico del Liceo Salesiano Monse\u00f1or Fagnano, Benjam\u00edn Vera C\u00e1rdenas.<\/p>\n\n\n\n<p>Luego de la firma del Convenio de Colaboraci\u00f3n en Convivencia y Mediaci\u00f3n Escolar se realiz\u00f3 la Tercera Sesi\u00f3n de \u201cCapacitaci\u00f3n en Mediaci\u00f3n Escolar y Resoluci\u00f3n Pac\u00edfica de Conflictos\u201d, con estudiantes de 6\u00b0 y 7\u00b0 b\u00e1sico de los establecimientos educacionales antes mencionados.<\/p>\n","protected":false},"excerpt":{"rendered":"<p>En el marco del trabajo intersectorial, la Secretar\u00eda Regional Ministerial de Educaci\u00f3n, la Universidad de Magallanes y la Corporaci\u00f3n de Asistencia Judicial firmaron un Convenio de Colaboraci\u00f3n en Convivencia y&#8230; <a class=\"read-more\" href=\"https:\/\/www.radiopresidenteibanez.cl\/web\/secreduc-firmo-convenio-de-colaboracion-en-convivencia-y-mediacion-escolar-con-la-universidad-de-magallanes-y-la-corporacion-de-asistencia-judicial\/\">Leer m\u00e1s<\/a><\/p>\n","protected":false},"author":2,"featured_media":58678,"comment_status":"closed","ping_status":"closed","sticky":false,"template":"","format":"standard","meta":{"footnotes":""},"categories":[1],"tags":[],"class_list":["post-58677","post","type-post","status-publish","format-standard","has-post-thumbnail","hentry","category-cronica"],"_links":{"self":[{"href":"https:\/\/www.radiopresidenteibanez.cl\/web\/wp-json\/wp\/v2\/posts\/58677","targetHints":{"allow":["GET"]}}],"collection":[{"href":"https:\/\/www.radiopresidenteibanez.cl\/web\/wp-json\/wp\/v2\/posts"}],"about":[{"href":"https:\/\/www.radiopresidenteibanez.cl\/web\/wp-json\/wp\/v2\/types\/post"}],"author":[{"embeddable":true,"href":"https:\/\/www.radiopresidenteibanez.cl\/web\/wp-json\/wp\/v2\/users\/2"}],"replies":[{"embeddable":true,"href":"https:\/\/www.radiopresidenteibanez.cl\/web\/wp-json\/wp\/v2\/comments?post=58677"}],"version-history":[{"count":0,"href":"https:\/\/www.radiopresidenteibanez.cl\/web\/wp-json\/wp\/v2\/posts\/58677\/revisions"}],"wp:featuredmedia":[{"embeddable":true,"href":"https:\/\/www.radiopresidenteibanez.cl\/web\/wp-json\/wp\/v2\/media\/58678"}],"wp:attachment":[{"href":"https:\/\/www.radiopresidenteibanez.cl\/web\/wp-json\/wp\/v2\/media?parent=58677"}],"wp:term":[{"taxonomy":"category","embeddable":true,"href":"https:\/\/www.radiopresidenteibanez.cl\/web\/wp-json\/wp\/v2\/categories?post=58677"},{"taxonomy":"post_tag","embeddable":true,"href":"https:\/\/www.radiopresidenteibanez.cl\/web\/wp-json\/wp\/v2\/tags?post=58677"}],"curies":[{"name":"wp","href":"https:\/\/api.w.org\/{rel}","templated":true}]}}