{"id":58671,"date":"2025-09-04T16:09:00","date_gmt":"2025-09-04T19:09:00","guid":{"rendered":"https:\/\/www.radiopresidenteibanez.cl\/web\/?p=58671"},"modified":"2025-09-04T11:21:06","modified_gmt":"2025-09-04T14:21:06","slug":"pastora-alfonsina-de-chiloe-compartio-su-musica-con-la-comunidad-de-san-gregorio","status":"publish","type":"post","link":"https:\/\/www.radiopresidenteibanez.cl\/web\/pastora-alfonsina-de-chiloe-compartio-su-musica-con-la-comunidad-de-san-gregorio\/","title":{"rendered":"Pastora Alfonsina de Chilo\u00e9 comparti\u00f3 su m\u00fasica con la comunidad de San Gregorio"},"content":{"rendered":"\n<p>El programa del Ministerio de las Culturas, las Artes y el Patrimonio, Apreciaci\u00f3n<br>de la M\u00fasica Nacional (PAMN) sigue generando espacios para conectar a m\u00fasicos<br>con nuevas audiencias. Esta vez, bajo el formato intercambio interregional, uni\u00f3<br>a Chilo\u00e9 con la comuna de San Gregorio. Pastora Alfonsina, cantautora<br>autodidacta nacida en Castro y cuyas composiciones se basan en la tradici\u00f3n del<br>folclor del archipi\u00e9lago, comparti\u00f3 con estudiantes, vecinas y vecinos de la<br>localidad situada a 130 kil\u00f3metros al noreste de Punta Arenas.<br>Luego de dialogar con alumnas y alumnos de la escuela Punta Delgada, la<br>cantante de la regi\u00f3n de Los Lagos ofreci\u00f3, el reciente martes -en dependencias<br>del mismo establecimiento educacional- un concierto abierto a toda la<br>comunidad.<br>\u201cEstoy muy contenta. Muy feliz de haber recorrido tantos kil\u00f3metros para llegar<br>a San Gregorio, en este maravilloso intercambio cultural y musical, que se da<br>gracias al programa Apreciaci\u00f3n de la M\u00fasica Nacional. Estoy content\u00edsima de<br>haber podido mostrar parte de mi cultura y mi m\u00fasica en esta hermosa regi\u00f3n de<br>Magallanes\u201d, expres\u00f3 Pastora Alfonsina, junto con agregar que \u201cmi experiencia<br>con los ni\u00f1os fue maravillosa. Tuvimos una interacci\u00f3n muy genuina y especial.<br>Encontrarme con historias muy parecidas a la m\u00eda y saber que hay mucha gente<br>aqu\u00ed en San Gregorio que ha venido desde Chilo\u00e9, ha sido muy especial. Pero lo<br>m\u00e1s lindo fue haber podido ver sus caritas felices al escuchar mi m\u00fasica\u201d.<br>La presentaci\u00f3n de Pastora Alfonsina no s\u00f3lo captur\u00f3 la atenci\u00f3n de ni\u00f1as, ni\u00f1os<br>y j\u00f3venes. Tambi\u00e9n conmovi\u00f3 a padres y apoderados que disfrutaron su<br>actuaci\u00f3n. \u201cMe pareci\u00f3 hermoso el concierto. Canta precioso. Alfonsina nos trajo<\/p>\n\n\n\n<p>la cultura de Chilo\u00e9. La encuentro divina\u201d, dijo Mar\u00eda Elsa Vidal, vecina de San<br>Gregorio.<br>Mientras que la alumna Francia Figueroa, valor\u00f3 el encuentro con la artista. \u201cMe<br>gust\u00f3 much\u00edsimo, porque es algo que no pasa siempre. O sea, ocurre una vez al<br>a\u00f1o y aparte es mi \u00faltimo a\u00f1o. Estoy en octavo b\u00e1sico y me gusta vivir y<br>compartir la experiencia de mi \u00faltimo a\u00f1o\u201d, precis\u00f3.<br>Este formato de intercambio interregional del PAMN se completar\u00e1 con la visita<br>del cantautor de Tierra del Fuego, Sebastargo (Sebasti\u00e1n Vel\u00e1squez). El<br>exponente del folclor fusio\u0301n se presentar\u00e1 el pr\u00f3ximo 10 de octubre en Chilo\u00e9.<br>\u201cEste formato de intercambio interregional nos permite concretar algo tan<br>necesario y valorado por las y los artistas, como lo es la circulaci\u00f3n de sus obras.<br>Esta propuesta responde a la inspiraci\u00f3n del Programa Apreciaci\u00f3n de la M\u00fasica<br>Nacional, abrir m\u00e1s espacios y generar nuevas audiencias\u201d, coment\u00f3 el Seremi de<br>las Culturas, Luis Navarro.<br>PAMN, creado en el a\u00f1o 2016, tiene como prop\u00f3sito acercar las audiencias a las<br>obras de artistas chilenos, formar p\u00fablicos y fomentar el gusto por la m\u00fasica<br>nacional en todas las edades, especialmente en escolares.&nbsp;Esta propuesta se<br>lleva a cabo mediante la realizaci\u00f3n de conciertos y talleres de mediaci\u00f3n para<br>crear un v\u00ednculo entre las comunidades y las y los artistas, promoviendo la<br>identidad cultural y territorial.<\/p>\n","protected":false},"excerpt":{"rendered":"<p>El programa del Ministerio de las Culturas, las Artes y el Patrimonio, Apreciaci\u00f3nde la M\u00fasica Nacional (PAMN) sigue generando espacios para conectar a m\u00fasicoscon nuevas audiencias. Esta vez, bajo el&#8230; <a class=\"read-more\" href=\"https:\/\/www.radiopresidenteibanez.cl\/web\/pastora-alfonsina-de-chiloe-compartio-su-musica-con-la-comunidad-de-san-gregorio\/\">Leer m\u00e1s<\/a><\/p>\n","protected":false},"author":2,"featured_media":58672,"comment_status":"closed","ping_status":"closed","sticky":false,"template":"","format":"standard","meta":{"footnotes":""},"categories":[1],"tags":[],"class_list":["post-58671","post","type-post","status-publish","format-standard","has-post-thumbnail","hentry","category-cronica"],"_links":{"self":[{"href":"https:\/\/www.radiopresidenteibanez.cl\/web\/wp-json\/wp\/v2\/posts\/58671","targetHints":{"allow":["GET"]}}],"collection":[{"href":"https:\/\/www.radiopresidenteibanez.cl\/web\/wp-json\/wp\/v2\/posts"}],"about":[{"href":"https:\/\/www.radiopresidenteibanez.cl\/web\/wp-json\/wp\/v2\/types\/post"}],"author":[{"embeddable":true,"href":"https:\/\/www.radiopresidenteibanez.cl\/web\/wp-json\/wp\/v2\/users\/2"}],"replies":[{"embeddable":true,"href":"https:\/\/www.radiopresidenteibanez.cl\/web\/wp-json\/wp\/v2\/comments?post=58671"}],"version-history":[{"count":0,"href":"https:\/\/www.radiopresidenteibanez.cl\/web\/wp-json\/wp\/v2\/posts\/58671\/revisions"}],"wp:featuredmedia":[{"embeddable":true,"href":"https:\/\/www.radiopresidenteibanez.cl\/web\/wp-json\/wp\/v2\/media\/58672"}],"wp:attachment":[{"href":"https:\/\/www.radiopresidenteibanez.cl\/web\/wp-json\/wp\/v2\/media?parent=58671"}],"wp:term":[{"taxonomy":"category","embeddable":true,"href":"https:\/\/www.radiopresidenteibanez.cl\/web\/wp-json\/wp\/v2\/categories?post=58671"},{"taxonomy":"post_tag","embeddable":true,"href":"https:\/\/www.radiopresidenteibanez.cl\/web\/wp-json\/wp\/v2\/tags?post=58671"}],"curies":[{"name":"wp","href":"https:\/\/api.w.org\/{rel}","templated":true}]}}