{"id":5867,"date":"2019-07-23T14:10:31","date_gmt":"2019-07-23T14:10:31","guid":{"rendered":"http:\/\/www.radiopresidenteibanez.cl\/web\/?p=5867"},"modified":"2019-07-23T14:11:06","modified_gmt":"2019-07-23T14:11:06","slug":"senadora-goic-la-salud-de-nuestros-adultos-mayores-tiene-que-ser-nuestra-prioridad","status":"publish","type":"post","link":"https:\/\/www.radiopresidenteibanez.cl\/web\/senadora-goic-la-salud-de-nuestros-adultos-mayores-tiene-que-ser-nuestra-prioridad\/","title":{"rendered":"SENADORA GOIC: \u201cLA SALUD DE NUESTROS ADULTOS MAYORES TIENE QUE SER NUESTRA PRIORIDAD\u201d"},"content":{"rendered":"\n<p>\u201cYa no ser\u00e1 la voluntad de los centros de salud para darle\nuna atenci\u00f3n preferencial a los adultos mayores, tanto horas m\u00e9dicas, en\n\u00f3rdenes de ex\u00e1menes y la entrega de medicamentos en hospitales p\u00fablicos o\nprivados, pues a partir de la promulgaci\u00f3n de esta ley, hay un antes y despu\u00e9s,\nya que estos recinto deber\u00e1n tener este tipo de atenci\u00f3n conforme a la\nley,&nbsp; la salud de nuestros adultos\nmayores tiene que ser nuestra prioridad\u201d.<\/p>\n\n\n\n<p>Estas fueron las primeras palabras pronunciada por la\nsenadora magall\u00e1nica Carolina Goic tras participar en la ma\u00f1ana de este lunes\nen la ceremonia de la promulgaci\u00f3n de la ley de promulgaci\u00f3n de la ley que\nestablece la atenci\u00f3n preferente en salud para personas mayores y con\ndiscapacidad, que busca darles m\u00e1s acceso y mejores servicios y calidad de la\natenci\u00f3n en salud.<\/p>\n\n\n\n<p>Para la senadora Goic, autora de la iniciativa, esta ley\nvendr\u00e1 a humanizar la atenci\u00f3n&nbsp; a\nnuestros adultos mayores, pues no puede ser que para sacar n\u00fameros deben llegar\nde madrugada a los recintos de salud, sumado a ello una larga espera, por\nejemplo en las farmacias, donde pasan muchas horas esperando el despacho de su\nreceta.<\/p>\n\n\n\n<p>Goic agrego que la iniciativa de atenci\u00f3n preferente y\noportuna consistir\u00e1, dice que, al momento del ingreso del paciente, en\nfacilidades para la toma de hora y atenci\u00f3n en consultas de salud, atenci\u00f3n de\nespecialistas, prescripci\u00f3n y dispensaci\u00f3n de medicamentos y toma de ex\u00e1menes.<\/p>\n","protected":false},"excerpt":{"rendered":"<p>\u201cYa no ser\u00e1 la voluntad de los centros de salud para darle una atenci\u00f3n preferencial a los adultos mayores, tanto horas m\u00e9dicas, en \u00f3rdenes de ex\u00e1menes y la entrega de&#8230; <a class=\"read-more\" href=\"https:\/\/www.radiopresidenteibanez.cl\/web\/senadora-goic-la-salud-de-nuestros-adultos-mayores-tiene-que-ser-nuestra-prioridad\/\">Leer m\u00e1s<\/a><\/p>\n","protected":false},"author":2,"featured_media":5868,"comment_status":"closed","ping_status":"closed","sticky":false,"template":"","format":"standard","meta":{"footnotes":""},"categories":[1],"tags":[],"class_list":["post-5867","post","type-post","status-publish","format-standard","has-post-thumbnail","hentry","category-cronica"],"_links":{"self":[{"href":"https:\/\/www.radiopresidenteibanez.cl\/web\/wp-json\/wp\/v2\/posts\/5867","targetHints":{"allow":["GET"]}}],"collection":[{"href":"https:\/\/www.radiopresidenteibanez.cl\/web\/wp-json\/wp\/v2\/posts"}],"about":[{"href":"https:\/\/www.radiopresidenteibanez.cl\/web\/wp-json\/wp\/v2\/types\/post"}],"author":[{"embeddable":true,"href":"https:\/\/www.radiopresidenteibanez.cl\/web\/wp-json\/wp\/v2\/users\/2"}],"replies":[{"embeddable":true,"href":"https:\/\/www.radiopresidenteibanez.cl\/web\/wp-json\/wp\/v2\/comments?post=5867"}],"version-history":[{"count":0,"href":"https:\/\/www.radiopresidenteibanez.cl\/web\/wp-json\/wp\/v2\/posts\/5867\/revisions"}],"wp:featuredmedia":[{"embeddable":true,"href":"https:\/\/www.radiopresidenteibanez.cl\/web\/wp-json\/wp\/v2\/media\/5868"}],"wp:attachment":[{"href":"https:\/\/www.radiopresidenteibanez.cl\/web\/wp-json\/wp\/v2\/media?parent=5867"}],"wp:term":[{"taxonomy":"category","embeddable":true,"href":"https:\/\/www.radiopresidenteibanez.cl\/web\/wp-json\/wp\/v2\/categories?post=5867"},{"taxonomy":"post_tag","embeddable":true,"href":"https:\/\/www.radiopresidenteibanez.cl\/web\/wp-json\/wp\/v2\/tags?post=5867"}],"curies":[{"name":"wp","href":"https:\/\/api.w.org\/{rel}","templated":true}]}}