{"id":58668,"date":"2025-09-04T14:49:00","date_gmt":"2025-09-04T17:49:00","guid":{"rendered":"https:\/\/www.radiopresidenteibanez.cl\/web\/?p=58668"},"modified":"2025-09-04T10:58:17","modified_gmt":"2025-09-04T13:58:17","slug":"segunda-jornada-regional-de-cancer-refuerza-la-coordinacion-de-la-red-oncologica-en-magallanes-con-foco-en-el-cancer-de-mama","status":"publish","type":"post","link":"https:\/\/www.radiopresidenteibanez.cl\/web\/segunda-jornada-regional-de-cancer-refuerza-la-coordinacion-de-la-red-oncologica-en-magallanes-con-foco-en-el-cancer-de-mama\/","title":{"rendered":"SEGUNDA JORNADA REGIONAL DE C\u00c1NCER REFUERZA LA COORDINACI\u00d3N DE LA RED ONCOL\u00d3GICA EN MAGALLANES CON FOCO EN EL C\u00c1NCER DE MAMA"},"content":{"rendered":"\n<p>En una verdadera instancia de coordinaci\u00f3n y fortalecimiento de la red oncol\u00f3gica se convirti\u00f3 la<br>reciente Segunda Jornada Regional de C\u00e1ncer, actividad coordinada por la Seremi de Salud y el<br>Servicio de Salud de Magallanes, con amplia participaci\u00f3n de equipos de atenci\u00f3n primaria y la<br>exposici\u00f3n de diversos especialistas del Hospital Cl\u00ednico de Magallanes relacionados con en esta<br>tem\u00e1tica.<br>En esta oportunidad la jornada estuvo centrada en el \u201cProceso de Atenci\u00f3n del Paciente con<br>C\u00e1ncer de Mama\u201d y cont\u00f3 con distintos expositores y equipos de atenci\u00f3n secundaria que<br>abordaron distintas tem\u00e1ticas, desde la promoci\u00f3n y protecci\u00f3n de la salud; tamizajes;<br>diagn\u00f3stico, tratamiento y seguimiento del c\u00e1ncer de mamas. La jornada cont\u00f3 con el saludo<br>inicial de la Seremi de Salud, Dra. Lidia Amarales y la Directora del Servicio de Salud de Magallanes,<br>Ver\u00f3nica Y\u00e1\u00f1ez, quienes concordaron en la importancia de seguir trabajando para aumentar la<br>pesquisa precoz de esta patolog\u00eda.<br>El c\u00e1ncer de mama es una enfermedad que afecta a las c\u00e9lulas mamarias de los conductos o<br>lobulillos, con la capacidad de multiplicarse sin control y propagarse por el cuerpo. Es la neoplasia<br>m\u00e1s frecuente que afecta a la poblaci\u00f3n femenina en el mundo y en Chile. En nuestro pa\u00eds, al a\u00f1o<br>2022, se estima que se produjeron 5.640 casos nuevos, lo que represent\u00f3 el 20,8% de todos los<br>casos nuevos de c\u00e1ncer en la mujer.<br>Seg\u00fan el Resumen Ejecutivo del Registro Hospitalario de Tumores 2024, que re\u00fane informaci\u00f3n de<br>los registros de anatom\u00eda patol\u00f3gica, el comit\u00e9 oncol\u00f3gico y los egresos hospitalarios, se<br>registraron 68 casos nuevos de c\u00e1ncer en el Hospital Cl\u00ednico Magallanes. De estos, 21<br>correspondieron al rango etareo de 25 a 54 a\u00f1os, 15 al de 55 a 64 a\u00f1os y 32 a personas de 65 a\u00f1os<br>o m\u00e1s. Durante el a\u00f1o pasado se registraron 7 fallecimientos por esta enfermedad.<br>La Seremi de Salud, Dra. Lidia Amarales, indic\u00f3 que \u201ccon esta jornada buscamos reforzar el trabajo<br>conjunto entre la atenci\u00f3n primaria, secundaria y los equipos especializados, porque enfrentar<br>esta enfermedad requiere de una red articulada y s\u00f3lida. El c\u00e1ncer es un problema de salud<br>p\u00fablica que sigue en aumento y que impacta profundamente a nuestras familias, por lo que la<br>prevenci\u00f3n, la pesquisa precoz y el acceso oportuno al diagn\u00f3stico y tratamiento son prioridades<br>para nuestro sector. Es por eso que seguiremos impulsando acciones que acerquen la salud a la<br>comunidad, como lo hemos hecho con el mam\u00f3grafo m\u00f3vil, y fortaleciendo las capacidades de los<br>equipos de salud a trav\u00e9s de este tipo de jornadas\u201d.<br>La Directora del Servicio de Salud de Magallanes, Ver\u00f3nica Y\u00e1\u00f1ez, explic\u00f3 que esta \u201csegunda<br>Jornada de C\u00e1ncer busca actualizar a los equipos de la red, tanto de atenci\u00f3n primaria como<br>secundaria, a fin de concentrar los esfuerzos de la pesquisa precoz y prevenir oportunamente<\/p>\n\n\n\n<p>todos los tipos de c\u00e1ncer, y en particular el c\u00e1ncer de mama. \u201cEstamos frente a estad\u00edsticas<br>nacionales que nos indican que el c\u00e1ncer es la segunda causa de muerte a nivel nacional, sin<br>embargo, hacia el 2030 se prev\u00e9 que va a ser la primera causa y, particularmente,<br>concentr\u00e1ndonos en este tipo de c\u00e1ncer, por eso importante que los equipos se actualicen<br>permanentemente\u201d, detall\u00f3.<br>Destac\u00f3 el rol que ha jugado el mam\u00f3grafo m\u00f3vil, el cual al recorrer el territorio ha aumentado la<br>pesquisa en la mamograf\u00eda y el acceso de las mujeres en edad de los grupos objetivos de este<br>examen\u201d. Acot\u00f3 que se debe fortalecer tambi\u00e9n toda la cadena de prestaciones asociada post<br>pesquisa, tanto la oportunidad de tratamiento como la reinserci\u00f3n posterior que tienen las<br>personas en la sociedad.<br>La Dra. Marlene Gallardo, ginecoobstetra y asesora del programa de la mujer del Servicio de Salud,<br>se\u00f1al\u00f3 que el c\u00e1ncer de mama desde hace a\u00f1os representa un porcentaje significativo en las tasas<br>de mortalidad e incidencia. Es la principal causa de muerte por c\u00e1ncer en mujeres de la regi\u00f3n y<br>presenta cifras superiores en comparaci\u00f3n con otros c\u00e1nceres ginecol\u00f3gicos, como el de cuello<br>uterino u ovario, llegando incluso a duplicar o triplicar esas tasas.<br>\u201cEs un c\u00e1ncer tremendamente devastador, en el sentido de que tenemos las tasas m\u00e1s altas de<br>mortalidad, que genera, obviamente, todo el impacto familiar de una madre o una esposa, lo que<br>implica tener un c\u00e1ncer de mama, asumir tratamientos, seguimientos, y revisando las \u00faltimas<br>estad\u00edsticas, nos encontramos con que tambi\u00e9n encabezamos a nivel nacional en las tasas de a\u00f1os<br>de vida perdidos en la mujer, que fallece antes de los 70 a\u00f1os por esta patolog\u00eda\u201d, sostuvo.<br>Manifest\u00f3 que es importante informar a la comunidad que mientras m\u00e1s precoz se pesquise este<br>c\u00e1ncer, las posibilidades que tiene una mujer de ser curada, es sobre un 95 %. \u201cEste no es un<br>c\u00e1ncer que llega de la nada, hay muchos factores ambientales de estilo de vida saludable que<br>impactan en la incidencia de este c\u00e1ncer. Y segundo, cuando ya voy a la prevenci\u00f3n secundaria, es<br>importante hacerme la mamograf\u00eda, que es el examen que nos permite pesquisar, in situ. En<br>etapas tan precoces se puede ofrecer a esa mujer tratamiento curativo, no paliativo, con una<br>sobrevida a largo plazo alt\u00edsima, pero depende de cu\u00e1n precoz se pesquise ese c\u00e1ncer\u201d.<br>La Dra. Claudia Jorquera, como m\u00e9dico radi\u00f3logo, sostuvo que la mamograf\u00eda permite detectar el<br>c\u00e1ncer de mama, que es reconocido como el examen universal de pesquisa de esta enfermedad y<br>que puede ser tratada en etapas muy precoces. Recalc\u00f3 que frente a este examen existe una<br>barrera por parte de las mujeres que es \u201cel miedo de sentir dolor durante la comprensi\u00f3n del<br>examen, incluso, piden que le hagan una menor comprensi\u00f3n, y la otra, el miedo que se les<br>diagnostique un c\u00e1ncer. Entonces, esas barreras hay que sacarlas, porque es la \u00fanica manera de<br>poder llegar a m\u00e1s pacientes, y que las pacientes sientan que el examen tiene una ventaja<br>sustancial dentro de su desarrollo de vida\u201d.<\/p>\n\n\n\n<p>\u201cAgreg\u00f3 que, si el c\u00e1ncer se diagnostica en una etapa temprana, los tratamientos son menos<br>agresivos y tienen un menor impacto en la vida de la paciente, lo que modifica significativamente<br>el curso de la enfermedad. En cambio, si se detecta en etapas avanzadas, la cirug\u00eda y el<br>tratamiento va a ser mucho m\u00e1s agresivo, generando un impacto mayor en la vida diaria y en el<br>desarrollo normal de la paciente\u201d, puntualiz\u00f3.<br>La matrona Claudia Aguilar, encargada del programa de Salud Sexual y Reproductiva del CESFAM<br>Dr. Juan Damianovic, manifest\u00f3 que la promoci\u00f3n y prevenci\u00f3n del c\u00e1ncer es labor de atenci\u00f3n<br>primaria. \u201cPara el c\u00e1ncer tenemos medidas de prevenci\u00f3n, como son la inmunizaci\u00f3n para el virus<br>de la hepatitis B, y tambi\u00e9n para el virus del papiloma humano, pues son virus que pueden ser<br>potencialmente causantes de c\u00e1ncer. Tambi\u00e9n tenemos tamizajes del c\u00e1ncer de mama, que es la<br>mamograf\u00eda, ya que se realiza en mujeres desde los 40 a\u00f1os. Se realiza cada 2 a\u00f1os y tampoco<br>tiene una fecha de tope, una mujer sobre los 70 a\u00f1os se la puede realizar. Si existen antecedentes<br>de c\u00e1ncer de mama en la familia o una carga gen\u00e9tica importante o alg\u00fan otro factor de riesgo, la<br>usuaria puede hacerse la mamograf\u00eda a partir de los 35 a\u00f1os\u201d, explic\u00f3.<br>A esto se suma la estrategia del mam\u00f3grafo m\u00f3vil, el cual el a\u00f1o pasado realiz\u00f3 4.000 ex\u00e1menes<br>en la comuna de Punta Arenas. \u201cEl mam\u00f3grafo m\u00f3vil fue muy relevante para nosotros, porque<br>pudimos realizar esta atenci\u00f3n en las mismas comunidades. Nos trasladamos a Agua Fresca, nos<br>trasladamos al CECOSF Fortaleciendo Vidas, al SAR Dr. Juan Damianovic y tambi\u00e9n a algunas<br>poblaciones, colegios o liceos, acercando el examen a la poblaci\u00f3n. \u201cLas mujeres interesadas en<br>realizarse la mamograf\u00eda deben acudir al CESFAM m\u00e1s cercano con su carnet de identidad y<br>solicitar una hora a trav\u00e9s del SOME o a trav\u00e9s de Telesalud, ya que hay varios centros de salud<br>que ya estamos funcionando con esa estrategia\u201d, detall\u00f3.<\/p>\n","protected":false},"excerpt":{"rendered":"<p>En una verdadera instancia de coordinaci\u00f3n y fortalecimiento de la red oncol\u00f3gica se convirti\u00f3 lareciente Segunda Jornada Regional de C\u00e1ncer, actividad coordinada por la Seremi de Salud y elServicio de&#8230; <a class=\"read-more\" href=\"https:\/\/www.radiopresidenteibanez.cl\/web\/segunda-jornada-regional-de-cancer-refuerza-la-coordinacion-de-la-red-oncologica-en-magallanes-con-foco-en-el-cancer-de-mama\/\">Leer m\u00e1s<\/a><\/p>\n","protected":false},"author":2,"featured_media":58669,"comment_status":"closed","ping_status":"closed","sticky":false,"template":"","format":"standard","meta":{"footnotes":""},"categories":[1],"tags":[],"class_list":["post-58668","post","type-post","status-publish","format-standard","has-post-thumbnail","hentry","category-cronica"],"_links":{"self":[{"href":"https:\/\/www.radiopresidenteibanez.cl\/web\/wp-json\/wp\/v2\/posts\/58668","targetHints":{"allow":["GET"]}}],"collection":[{"href":"https:\/\/www.radiopresidenteibanez.cl\/web\/wp-json\/wp\/v2\/posts"}],"about":[{"href":"https:\/\/www.radiopresidenteibanez.cl\/web\/wp-json\/wp\/v2\/types\/post"}],"author":[{"embeddable":true,"href":"https:\/\/www.radiopresidenteibanez.cl\/web\/wp-json\/wp\/v2\/users\/2"}],"replies":[{"embeddable":true,"href":"https:\/\/www.radiopresidenteibanez.cl\/web\/wp-json\/wp\/v2\/comments?post=58668"}],"version-history":[{"count":0,"href":"https:\/\/www.radiopresidenteibanez.cl\/web\/wp-json\/wp\/v2\/posts\/58668\/revisions"}],"wp:featuredmedia":[{"embeddable":true,"href":"https:\/\/www.radiopresidenteibanez.cl\/web\/wp-json\/wp\/v2\/media\/58669"}],"wp:attachment":[{"href":"https:\/\/www.radiopresidenteibanez.cl\/web\/wp-json\/wp\/v2\/media?parent=58668"}],"wp:term":[{"taxonomy":"category","embeddable":true,"href":"https:\/\/www.radiopresidenteibanez.cl\/web\/wp-json\/wp\/v2\/categories?post=58668"},{"taxonomy":"post_tag","embeddable":true,"href":"https:\/\/www.radiopresidenteibanez.cl\/web\/wp-json\/wp\/v2\/tags?post=58668"}],"curies":[{"name":"wp","href":"https:\/\/api.w.org\/{rel}","templated":true}]}}