{"id":58653,"date":"2025-09-04T08:16:58","date_gmt":"2025-09-04T11:16:58","guid":{"rendered":"https:\/\/www.radiopresidenteibanez.cl\/web\/?p=58653"},"modified":"2025-09-04T08:26:32","modified_gmt":"2025-09-04T11:26:32","slug":"felices-18-anos-radio-presidente-ibanez","status":"publish","type":"post","link":"https:\/\/www.radiopresidenteibanez.cl\/web\/felices-18-anos-radio-presidente-ibanez\/","title":{"rendered":"FELICES 18 A\u00d1OS RADIO PRESIDENTE IBA\u00d1EZ"},"content":{"rendered":"\n<p>Queridos amigos y amigas de Radio Presidente Ib\u00e1\u00f1ez: Hoy encendemos nuestros micr\u00f3fonos y sentimos c\u00f3mo cada frecuencia late con memoria y coraje. Cumplimos 18 a\u00f1os, pero nuestra historia se remonta mucho m\u00e1s atr\u00e1s: a los ochenta, cuando cada palabra lanzada al \u00e9ter era un acto de valent\u00eda, cada transmisi\u00f3n una chispa de resistencia. En aquellos tiempos oscuros, nuestros micr\u00f3fonos no callaron; llevaron verdad, esperanza y democracia a quienes necesitaban escuchar. Radio Presidente Ib\u00e1\u00f1ez renaci\u00f3 de su \u00faltima prueba, recibi\u00f3 la bendici\u00f3n de Roque Tom\u00e1s Scarpa y de los pr\u00f3ceres de la radiotelefon\u00eda de Magallanes. Desde entonces, nuestra se\u00f1al ha sido firme: pluralidad, honestidad y compromiso con la verdad. No ha sido f\u00e1cil; muchas veces la puerta estuvo a punto de cerrarse, pero siempre gan\u00f3 la convicci\u00f3n, siempre gan\u00f3 la tenacidad. Este es nuestro motivo de vida: mantener la voz viva para quienes nos escuchan. Hoy escuchamos tambi\u00e9n las voces de quienes ya partieron. Sus palabras quedaron grabadas en nuestras cintas, pero m\u00e1s a\u00fan, en nuestra memoria. Ellos nos ense\u00f1aron que la radio es un puente que une generaciones, que cada onda es un abrazo que cruza el tiempo, y que cada palabra tiene el poder de cambiar el mundo. Hoy ya no somos solo una isla al fin del mundo. Somos radio, televisi\u00f3n y tenemos se\u00f1al de internet que cruza fronteras y oc\u00e9anos. Nuestra presencia parte desde aqu\u00ed, desde el principio, para llegar al mundo entero. Cada micr\u00f3fono encendido es un faro. Cada noticia, cada historia, cada risa y cada emoci\u00f3n es un hilo que nos conecta con todos ustedes. Esta radio es de quienes nos escuchan, de quienes nos acompa\u00f1an, de quienes creen que la voz libre importa. Que sigan los a\u00f1os, y que siga la se\u00f1al que nos une. Mientras haya alguien escuchando, mientras haya alguien creyendo en la verdad, Radio Presidente Ib\u00e1\u00f1ez seguir\u00e1 vibrando, seguir\u00e1 contando, seguir\u00e1 viva\u2026 y siempre lo estar\u00e1, porque siempre hay voces nuevas\u2026 voces que nunca se apagan.<\/p>\n","protected":false},"excerpt":{"rendered":"<p>Queridos amigos y amigas de Radio Presidente Ib\u00e1\u00f1ez: Hoy encendemos nuestros micr\u00f3fonos y sentimos c\u00f3mo cada frecuencia late con memoria y coraje. Cumplimos 18 a\u00f1os, pero nuestra historia se remonta&#8230; <a class=\"read-more\" href=\"https:\/\/www.radiopresidenteibanez.cl\/web\/felices-18-anos-radio-presidente-ibanez\/\">Leer m\u00e1s<\/a><\/p>\n","protected":false},"author":2,"featured_media":58654,"comment_status":"closed","ping_status":"closed","sticky":false,"template":"","format":"standard","meta":{"footnotes":""},"categories":[1],"tags":[],"class_list":["post-58653","post","type-post","status-publish","format-standard","has-post-thumbnail","hentry","category-cronica"],"_links":{"self":[{"href":"https:\/\/www.radiopresidenteibanez.cl\/web\/wp-json\/wp\/v2\/posts\/58653","targetHints":{"allow":["GET"]}}],"collection":[{"href":"https:\/\/www.radiopresidenteibanez.cl\/web\/wp-json\/wp\/v2\/posts"}],"about":[{"href":"https:\/\/www.radiopresidenteibanez.cl\/web\/wp-json\/wp\/v2\/types\/post"}],"author":[{"embeddable":true,"href":"https:\/\/www.radiopresidenteibanez.cl\/web\/wp-json\/wp\/v2\/users\/2"}],"replies":[{"embeddable":true,"href":"https:\/\/www.radiopresidenteibanez.cl\/web\/wp-json\/wp\/v2\/comments?post=58653"}],"version-history":[{"count":0,"href":"https:\/\/www.radiopresidenteibanez.cl\/web\/wp-json\/wp\/v2\/posts\/58653\/revisions"}],"wp:featuredmedia":[{"embeddable":true,"href":"https:\/\/www.radiopresidenteibanez.cl\/web\/wp-json\/wp\/v2\/media\/58654"}],"wp:attachment":[{"href":"https:\/\/www.radiopresidenteibanez.cl\/web\/wp-json\/wp\/v2\/media?parent=58653"}],"wp:term":[{"taxonomy":"category","embeddable":true,"href":"https:\/\/www.radiopresidenteibanez.cl\/web\/wp-json\/wp\/v2\/categories?post=58653"},{"taxonomy":"post_tag","embeddable":true,"href":"https:\/\/www.radiopresidenteibanez.cl\/web\/wp-json\/wp\/v2\/tags?post=58653"}],"curies":[{"name":"wp","href":"https:\/\/api.w.org\/{rel}","templated":true}]}}