{"id":58650,"date":"2025-09-03T16:50:00","date_gmt":"2025-09-03T19:50:00","guid":{"rendered":"https:\/\/www.radiopresidenteibanez.cl\/web\/?p=58650"},"modified":"2025-09-03T12:12:37","modified_gmt":"2025-09-03T15:12:37","slug":"estudiantes-magallanicos-inician-gira-de-estudios-a-torres-del-paine","status":"publish","type":"post","link":"https:\/\/www.radiopresidenteibanez.cl\/web\/estudiantes-magallanicos-inician-gira-de-estudios-a-torres-del-paine\/","title":{"rendered":"Estudiantes magall\u00e1nicos inician Gira de Estudios a Torres del Paine"},"content":{"rendered":"\n<p>En la Escuela Especial Mi Mundo se realiz\u00f3 ayer lunes el lanzamiento del Programa Gira de Estudios 2025, dependiente del Servicio Nacional de Turismo (Sernatur), que permitir\u00e1 a seis establecimientos educacionales y uno de Mejor Ni\u00f1ez en la regi\u00f3n visitar el Parque Nacional Torres del Paine y sus alrededores.<\/p>\n\n\n\n<p>Durante la actividad, estuvieron presentes el director regional de Sernatur, V\u00edctor Rom\u00e1n Le\u00f3n, y el seremi de Educaci\u00f3n, Valent\u00edn Aguilera G\u00f3mez, quienes saludaron y despidieron a la primera delegaci\u00f3n de estudiantes y apoderados que partieron rumbo a la Provincia de \u00daltima Esperanza.<\/p>\n\n\n\n<p>Desde el a\u00f1o 2007, Sernatur desarrolla el Programa Gira de Estudios, dirigido a j\u00f3venes que se encuentren cursando ense\u00f1anza media en establecimientos educacionales reconocidos por el Estado, estudiantes matriculados en alguna escuela especial o que pertenezcan a una instituci\u00f3n u organizaci\u00f3n que vele por su seguridad y derechos. Adem\u00e1s, a partir del 2021 tambi\u00e9n se permiti\u00f3 la postulaci\u00f3n a carreras de turismo de instituciones de educaci\u00f3n superior.<\/p>\n\n\n\n<p>En esta oportunidad, la inversi\u00f3n p\u00fablica anual alcanza los $64.603.988, teniendo como beneficiarios a 243 personas, divididas en los siguientes establecimientos: Escuela Especial Mi Mundo, Liceo Polivalente Hernando de Magallanes de Porvenir, Instituto Sagrada Familia, Residencia de Mejor Ni\u00f1ez, Liceo Polit\u00e9cnico Ra\u00fal Silva Henr\u00edquez, Instituto Santo Tom\u00e1s y Liceo Polivalente Sara Braun.<\/p>\n\n\n\n<p>\u201cCon el primer grupo de la Escuela Especial Mi Mundo damos inicio al Programa Gira de Estudios 2025 en Magallanes. Gracias a un subsidio estatal cercano al 70%, acercamos el turismo a nuestras y nuestros estudiantes y activamos la econom\u00eda local en temporada media y baja, beneficiando a alojamientos, restaurantes, gu\u00edas y transporte, mayoritariamente micro y peque\u00f1as empresas. Este viaje por Natales, Torres del Paine y la Cueva del Milod\u00f3n es m\u00e1s que una excursi\u00f3n, es inclusi\u00f3n, aprendizaje y oportunidades\u201d, expres\u00f3 el director regional de Sernatur, V\u00edctor Rom\u00e1n Le\u00f3n.<\/p>\n\n\n\n<p>Por su parte, el seremi de Educaci\u00f3n, Valent\u00edn Aguilera G\u00f3mez, indic\u00f3 que \u201ceste tipo de iniciativas permiten democratizar el acceso a lugares ic\u00f3nicos y significativos en las distintas regiones de Chile. En el caso de Magallanes, los j\u00f3venes podr\u00e1n maravillarse con los hermosos parajes que recorrer\u00e1n, adem\u00e1s de interactuar con la naturaleza y conocer un poco m\u00e1s de nuestra historia. En este sentido, destacamos este programa, el cual es complementado por el convenio de colaboraci\u00f3n firmado por la Delegaci\u00f3n Presidencial Regional y la ONG Patagonia Las Torres Conservancy, con el apoyo de las Seremis de Educaci\u00f3n y Medio Ambiente, que permitir\u00e1 a estudiantes de 7\u00b0 a\u00f1o b\u00e1sico, pertenecientes a ocho comunas de nuestra regi\u00f3n, visitar el Parque Nacional Torres del Paine durante el \u00faltimo trimestre del 2025\u201d.<\/p>\n\n\n\n<p>\u201cFeliz, contenta, me gusta salir de viaje\u201d, cont\u00f3 la estudiante de 7\u00b0 b\u00e1sico de&nbsp;<a>la Escuela Especial Mi Mundo<\/a>, Danae Miguez Oyarz\u00fan, antes de subir al bus camino a Puerto Natales. Mientras que la apoderada Carmen Hern\u00e1ndez Vidal, explic\u00f3 que su nieto Ian Risco Baham\u00f3ndez sale de 8\u00b0 b\u00e1sico este a\u00f1o, por lo que le dijo: \u201cVamos, porque va a ser el \u00faltimo viaje con tus compa\u00f1eros\u201d.<\/p>\n\n\n\n<p>La directora de la Escuela Especial Mi Mundo, Mariela Gallardo Andrade, manifest\u00f3 que \u201cha sido una gran oportunidad para que los estudiantes con discapacidad y sus familias puedan salir a recorrer un lugar tan hermoso como las Torres del Paine, que a veces no es tan accesible para todos. Nos sentimos afortunados de haber sido nuevamente considerados en este programa con financiamiento del Estado\u201d.<\/p>\n","protected":false},"excerpt":{"rendered":"<p>En la Escuela Especial Mi Mundo se realiz\u00f3 ayer lunes el lanzamiento del Programa Gira de Estudios 2025, dependiente del Servicio Nacional de Turismo (Sernatur), que permitir\u00e1 a seis establecimientos&#8230; <a class=\"read-more\" href=\"https:\/\/www.radiopresidenteibanez.cl\/web\/estudiantes-magallanicos-inician-gira-de-estudios-a-torres-del-paine\/\">Leer m\u00e1s<\/a><\/p>\n","protected":false},"author":2,"featured_media":58651,"comment_status":"closed","ping_status":"closed","sticky":false,"template":"","format":"standard","meta":{"footnotes":""},"categories":[1],"tags":[],"class_list":["post-58650","post","type-post","status-publish","format-standard","has-post-thumbnail","hentry","category-cronica"],"_links":{"self":[{"href":"https:\/\/www.radiopresidenteibanez.cl\/web\/wp-json\/wp\/v2\/posts\/58650","targetHints":{"allow":["GET"]}}],"collection":[{"href":"https:\/\/www.radiopresidenteibanez.cl\/web\/wp-json\/wp\/v2\/posts"}],"about":[{"href":"https:\/\/www.radiopresidenteibanez.cl\/web\/wp-json\/wp\/v2\/types\/post"}],"author":[{"embeddable":true,"href":"https:\/\/www.radiopresidenteibanez.cl\/web\/wp-json\/wp\/v2\/users\/2"}],"replies":[{"embeddable":true,"href":"https:\/\/www.radiopresidenteibanez.cl\/web\/wp-json\/wp\/v2\/comments?post=58650"}],"version-history":[{"count":0,"href":"https:\/\/www.radiopresidenteibanez.cl\/web\/wp-json\/wp\/v2\/posts\/58650\/revisions"}],"wp:featuredmedia":[{"embeddable":true,"href":"https:\/\/www.radiopresidenteibanez.cl\/web\/wp-json\/wp\/v2\/media\/58651"}],"wp:attachment":[{"href":"https:\/\/www.radiopresidenteibanez.cl\/web\/wp-json\/wp\/v2\/media?parent=58650"}],"wp:term":[{"taxonomy":"category","embeddable":true,"href":"https:\/\/www.radiopresidenteibanez.cl\/web\/wp-json\/wp\/v2\/categories?post=58650"},{"taxonomy":"post_tag","embeddable":true,"href":"https:\/\/www.radiopresidenteibanez.cl\/web\/wp-json\/wp\/v2\/tags?post=58650"}],"curies":[{"name":"wp","href":"https:\/\/api.w.org\/{rel}","templated":true}]}}