{"id":5865,"date":"2019-07-23T14:06:02","date_gmt":"2019-07-23T14:06:02","guid":{"rendered":"http:\/\/www.radiopresidenteibanez.cl\/web\/?p=5865"},"modified":"2019-07-23T14:06:30","modified_gmt":"2019-07-23T14:06:30","slug":"director-de-servicio-de-salud-magallanes-aclara-situacion-del-doctor-ramon-lobos","status":"publish","type":"post","link":"https:\/\/www.radiopresidenteibanez.cl\/web\/director-de-servicio-de-salud-magallanes-aclara-situacion-del-doctor-ramon-lobos\/","title":{"rendered":"DIRECTOR DE SERVICIO DE SALUD MAGALLANES ACLARA SITUACI\u00d3N DEL DOCTOR RAM\u00d3N LOBOS"},"content":{"rendered":"\n<p>El Director del\nServicio de Salud Magallanes, Nelson Reyes, aclara que la salida del doctor\nRam\u00f3n Lobos de la direcci\u00f3n del ELEAM fue una decisi\u00f3n del Servicio, lo que fue\naceptado por el m\u00e9dico en cuesti\u00f3n.<\/p>\n\n\n\n<p>La aclaraci\u00f3n se\nrelaciona a la publicaci\u00f3n del pasado jueves 18 de julio en el diario La Prensa\nAustral, que cita que: \u201cEn relaci\u00f3n al futuro del doctor Ram\u00f3n Lobos V\u00e1squez,\nse consign\u00f3 que el m\u00e9dico geriatra tuvo que dejar sus funciones como director\ndel establecimiento, porque en el nuevo convenio de trato directo que se\nrealizar\u00e1 por estos pr\u00f3ximos cuatro meses, Senama solicit\u00f3 que fuese as\u00ed. Al\nd\u00eda de hoy, no se ha definido qu\u00e9 profesional del \u00e1rea de la medicina se har\u00e1\ncargo de la direcci\u00f3n de la residencia de adultos mayores de calle Hornillas\u201d.<\/p>\n\n\n\n<p>El doctor Lobos,\ndesignado para liderar el proyecto del Centro Geri\u00e1trico para la regi\u00f3n,\nsolicit\u00f3 para dicho fin un equipo de profesionales de apoyo que hoy se\ndesempe\u00f1an en el ELEAM. Dicho proceso comenzar\u00e1 una vez finalizado su feriado\nlegal que est\u00e1 a\u00fan en curso.<\/p>\n\n\n\n<p>El pasado 12 de julio, el Director del Servicio de\nSalud Magallanes, junto al Doctor Ram\u00f3n Lobos, sostuvieron una reuni\u00f3n en la\ncual se le confirm\u00f3 como l\u00edder en el proyecto de un centro geri\u00e1trico en la\nRegi\u00f3n de Magallanes.<\/p>\n\n\n\n<p>La autoridad de salud reafirm\u00f3 del acuerdo previo\nal que hab\u00edan llegado con anterioridad junto al facultativo, que se desempe\u00f1aba\ncomo Director T\u00e9cnico del ELEAM y que se mantendr\u00e1 como funcionario del\nServicio, cumpliendo con tareas relacionadas a los adultos mayores.<\/p>\n\n\n\n<p>El SSM, a petici\u00f3n del SENAMA, se mantendr\u00e1 en la\nadministraci\u00f3n del ELEAM durante cuatro meses m\u00e1s, a partir del 1 de agosto.<\/p>\n","protected":false},"excerpt":{"rendered":"<p>El Director del Servicio de Salud Magallanes, Nelson Reyes, aclara que la salida del doctor Ram\u00f3n Lobos de la direcci\u00f3n del ELEAM fue una decisi\u00f3n del Servicio, lo que fue&#8230; <a class=\"read-more\" href=\"https:\/\/www.radiopresidenteibanez.cl\/web\/director-de-servicio-de-salud-magallanes-aclara-situacion-del-doctor-ramon-lobos\/\">Leer m\u00e1s<\/a><\/p>\n","protected":false},"author":2,"featured_media":2457,"comment_status":"closed","ping_status":"closed","sticky":false,"template":"","format":"standard","meta":{"footnotes":""},"categories":[1],"tags":[],"class_list":["post-5865","post","type-post","status-publish","format-standard","has-post-thumbnail","hentry","category-cronica"],"_links":{"self":[{"href":"https:\/\/www.radiopresidenteibanez.cl\/web\/wp-json\/wp\/v2\/posts\/5865","targetHints":{"allow":["GET"]}}],"collection":[{"href":"https:\/\/www.radiopresidenteibanez.cl\/web\/wp-json\/wp\/v2\/posts"}],"about":[{"href":"https:\/\/www.radiopresidenteibanez.cl\/web\/wp-json\/wp\/v2\/types\/post"}],"author":[{"embeddable":true,"href":"https:\/\/www.radiopresidenteibanez.cl\/web\/wp-json\/wp\/v2\/users\/2"}],"replies":[{"embeddable":true,"href":"https:\/\/www.radiopresidenteibanez.cl\/web\/wp-json\/wp\/v2\/comments?post=5865"}],"version-history":[{"count":0,"href":"https:\/\/www.radiopresidenteibanez.cl\/web\/wp-json\/wp\/v2\/posts\/5865\/revisions"}],"wp:featuredmedia":[{"embeddable":true,"href":"https:\/\/www.radiopresidenteibanez.cl\/web\/wp-json\/wp\/v2\/media\/2457"}],"wp:attachment":[{"href":"https:\/\/www.radiopresidenteibanez.cl\/web\/wp-json\/wp\/v2\/media?parent=5865"}],"wp:term":[{"taxonomy":"category","embeddable":true,"href":"https:\/\/www.radiopresidenteibanez.cl\/web\/wp-json\/wp\/v2\/categories?post=5865"},{"taxonomy":"post_tag","embeddable":true,"href":"https:\/\/www.radiopresidenteibanez.cl\/web\/wp-json\/wp\/v2\/tags?post=5865"}],"curies":[{"name":"wp","href":"https:\/\/api.w.org\/{rel}","templated":true}]}}