{"id":58647,"date":"2025-09-03T15:21:00","date_gmt":"2025-09-03T18:21:00","guid":{"rendered":"https:\/\/www.radiopresidenteibanez.cl\/web\/?p=58647"},"modified":"2025-09-03T11:50:52","modified_gmt":"2025-09-03T14:50:52","slug":"senador-kusanovic-se-reune-con-directora-del-servicio-de-salud-magallanes-para-analizar-prioridades-regionales-en-el-presupuesto-de-2026","status":"publish","type":"post","link":"https:\/\/www.radiopresidenteibanez.cl\/web\/senador-kusanovic-se-reune-con-directora-del-servicio-de-salud-magallanes-para-analizar-prioridades-regionales-en-el-presupuesto-de-2026\/","title":{"rendered":"Senador Kusanovic se re\u00fane con directora del Servicio de Salud Magallanes para analizar prioridades regionales en el presupuesto de 2026."},"content":{"rendered":"\n<p>En el marco de su semana territorial, el senador Alejandro Kusanovic sostuvo una reuni\u00f3n con<br>la directora del Servicio de Salud Magallanes, Ver\u00f3nica Y\u00e1\u00f1ez, y parte de su equipo, instancia<br>en la que se abordaron las principales necesidades de la poblaci\u00f3n en materia de salud. Durante<br>el encuentro se analiz\u00f3 la situaci\u00f3n presupuestaria del Servicio, poniendo especial atenci\u00f3n en<br>los factores que han generado un gasto adicional y en las medidas de ahorro y eficiencia<br>implementadas este a\u00f1o.<br>En ese contexto, se revis\u00f3 la proyecci\u00f3n del Servicio de Salud para el pr\u00f3ximo a\u00f1o ante el<br>eventual ingreso y discusi\u00f3n de la Ley de Presupuestos 2026 en el Congreso Nacional,<br>oportunidad en la que el parlamentario comprometi\u00f3 su apoyo para defender los recursos que<br>se requieren en la regi\u00f3n.<br>En la reuni\u00f3n, tambi\u00e9n se expusieron los avances y gestiones realizadas por el Servicio de Salud<br>para acelerar la concreci\u00f3n de la unidad de di\u00e1lisis en la provincia de Tierra del Fuego, que<br>funcionar\u00e1 en el Hospital de Porvenir. Gracias al trabajo de habilitaci\u00f3n de dependencias del<br>recinto y la capacitaci\u00f3n de su personal de salud, se espera que esta unidad pueda entrar en<br>operaci\u00f3n a fines de este a\u00f1o, contando con los sillones y equipamiento necesarios para<br>atender a los pacientes de la provincia.<br>Al respecto, Kusanovic, agradecio las gestiones realizadas por la directora y su equipo,<br>destacando el impacto positivo que tendr\u00e1 este avance en la calidad de vida de los habitantes<br>de la zona, manifestando que: \u201cmuchos esperan contar con millonarios recursos para que se<br>hagan las cosas, pero este caso demuestra que, con voluntad, creatividad y un arduo trabajo se<br>pueden lograr los objetivos, se pueden encontrar soluciones econ\u00f3micas y r\u00e1pidas. Por eso<br>felicito a la directora que gracias a sus gestiones se podr\u00e1 concretar pronto la esperada unidad<br>de di\u00e1lisis para los pacientes de Tierra del Fuego, para que no tengan que viajar hasta Punta<br>Arenas para recibir su tratamiento\u201d concluyo.<\/p>\n","protected":false},"excerpt":{"rendered":"<p>En el marco de su semana territorial, el senador Alejandro Kusanovic sostuvo una reuni\u00f3n conla directora del Servicio de Salud Magallanes, Ver\u00f3nica Y\u00e1\u00f1ez, y parte de su equipo, instanciaen la&#8230; <a class=\"read-more\" href=\"https:\/\/www.radiopresidenteibanez.cl\/web\/senador-kusanovic-se-reune-con-directora-del-servicio-de-salud-magallanes-para-analizar-prioridades-regionales-en-el-presupuesto-de-2026\/\">Leer m\u00e1s<\/a><\/p>\n","protected":false},"author":2,"featured_media":58648,"comment_status":"closed","ping_status":"closed","sticky":false,"template":"","format":"standard","meta":{"footnotes":""},"categories":[1],"tags":[],"class_list":["post-58647","post","type-post","status-publish","format-standard","has-post-thumbnail","hentry","category-cronica"],"_links":{"self":[{"href":"https:\/\/www.radiopresidenteibanez.cl\/web\/wp-json\/wp\/v2\/posts\/58647","targetHints":{"allow":["GET"]}}],"collection":[{"href":"https:\/\/www.radiopresidenteibanez.cl\/web\/wp-json\/wp\/v2\/posts"}],"about":[{"href":"https:\/\/www.radiopresidenteibanez.cl\/web\/wp-json\/wp\/v2\/types\/post"}],"author":[{"embeddable":true,"href":"https:\/\/www.radiopresidenteibanez.cl\/web\/wp-json\/wp\/v2\/users\/2"}],"replies":[{"embeddable":true,"href":"https:\/\/www.radiopresidenteibanez.cl\/web\/wp-json\/wp\/v2\/comments?post=58647"}],"version-history":[{"count":0,"href":"https:\/\/www.radiopresidenteibanez.cl\/web\/wp-json\/wp\/v2\/posts\/58647\/revisions"}],"wp:featuredmedia":[{"embeddable":true,"href":"https:\/\/www.radiopresidenteibanez.cl\/web\/wp-json\/wp\/v2\/media\/58648"}],"wp:attachment":[{"href":"https:\/\/www.radiopresidenteibanez.cl\/web\/wp-json\/wp\/v2\/media?parent=58647"}],"wp:term":[{"taxonomy":"category","embeddable":true,"href":"https:\/\/www.radiopresidenteibanez.cl\/web\/wp-json\/wp\/v2\/categories?post=58647"},{"taxonomy":"post_tag","embeddable":true,"href":"https:\/\/www.radiopresidenteibanez.cl\/web\/wp-json\/wp\/v2\/tags?post=58647"}],"curies":[{"name":"wp","href":"https:\/\/api.w.org\/{rel}","templated":true}]}}