{"id":58644,"date":"2025-09-03T13:07:00","date_gmt":"2025-09-03T16:07:00","guid":{"rendered":"https:\/\/www.radiopresidenteibanez.cl\/web\/?p=58644"},"modified":"2025-09-03T11:47:36","modified_gmt":"2025-09-03T14:47:36","slug":"aunque-agosto-termino-el-invierno-continua-sector-salud-llama-a-mantener-la-prevencion-ante-alta-circulacion-de-virus-respiratorios","status":"publish","type":"post","link":"https:\/\/www.radiopresidenteibanez.cl\/web\/aunque-agosto-termino-el-invierno-continua-sector-salud-llama-a-mantener-la-prevencion-ante-alta-circulacion-de-virus-respiratorios\/","title":{"rendered":"\u201cAUNQUE AGOSTO TERMIN\u00d3, EL INVIERNO CONTIN\u00daA\u201d: SECTOR SALUD LLAMA A MANTENER LA PREVENCI\u00d3N ANTE ALTA CIRCULACI\u00d3N DE VIRUS RESPIRATORIOS"},"content":{"rendered":"\n<p>Aunque agosto qued\u00f3 atr\u00e1s y comenz\u00f3 septiembre, en la Regi\u00f3n de Magallanes el invierno contin\u00faa con bajas temperaturas y una alta circulaci\u00f3n de virus respiratorios, lo que se refleja en el aumento de las consultas en los servicios de urgencia de hospitales y de atenci\u00f3n primaria.<\/p>\n\n\n\n<p>En este contexto, se desarroll\u00f3 una visita al SAPU del CESFAM Provisorio 18 de Septiembre, donde autoridades reforzaron los mensajes preventivos de la Campa\u00f1a de Invierno y destacaron la importancia del autocuidado y del buen uso de la red asistencial.<\/p>\n\n\n\n<p>En esta visita participaron el Seremi de Gobierno, Andro Mimica, la Seremi de Salud, Dra. Lidia Amarales, la Dra. Mar\u00eda Jos\u00e9 Soto, <em>pediatra y asesora m\u00e9dica del Servicio de Salud Magallanes, y el jefe de \u00c1rea de Salud de la Cormupa, Pedro Jofr\u00e9, quienes fueron recibidos por el <\/em>director del CESFAM 18 de Septiembre, Mart\u00edn Arguedas y personal del servicio de urgencia.<\/p>\n\n\n\n<p>Durante la actividad, se record\u00f3 que considerando la proximidad de las Fiestas Patrias, es fundamental reforzar estas medidas durante estas celebraciones. La Seremi de Salud, Dra. Lidia Amarales, explic\u00f3: \u201cQueremos decir que si bien termin\u00f3 agosto, el invierno no ha terminado, independiente que se nos acercan las fiestas del 18. Queremos entregar el mensaje a la poblaci\u00f3n de la importancia de mantener las medidas preventivas con relaci\u00f3n a las enfermedades respiratorias. La circulaci\u00f3n viral sigue alta y principalmente el virus sincicial que esta semana nuevamente volvi\u00f3 a subir y esto afecta principalmente a los ni\u00f1os menores de 4 a\u00f1os, a los adolescentes menores de 15 a\u00f1os y adultos mayores\u201d.<\/p>\n\n\n\n<p>La Dra. Amarales se\u00f1al\u00f3 que es fundamental mantener las medidas preventivas, en especial que las personas enfermas utilicen mascarilla para no contagiar al resto. Agreg\u00f3 que los cuadros virales leves pueden tratarse en casa con medidas simples como hidrataci\u00f3n, ventilaci\u00f3n y el uso de antipir\u00e9ticos para controlar la fiebre, evitando as\u00ed acudir a servicios de urgencia y sobrecargar la atenci\u00f3n. No obstante, enfatiz\u00f3 que ante signos de gravedad, como dificultad respiratoria, fiebre persistente o quejidos, s\u00ed es necesario consultar oportunamente en un centro de salud.<\/p>\n\n\n\n<p>El aumento de atenciones fue confirmado por el encargado del \u00c1rea de Salud de la Cormupa, Pedro Jofr\u00e9, quien explic\u00f3 que con el peak de enfermedades respiratorias, \u201chemos aumentado el n\u00famero de atenciones en alrededor de un 50 % de lo que era habitual en los tres SAPUS. No obstante, en el SAR hemos incrementado en un 100 % el n\u00famero de atenciones, donde la mayor\u00eda es consulta por enfermedades respiratorias en menores de 19 a\u00f1os con una prevalencia del virus respiratorio sincicial\u201d.<\/p>\n\n\n\n<p>El jefe de \u00e1rea indic\u00f3 que cuentan con tres SAPUS, los cuales han sido reforzados para entregar una mejor atenci\u00f3n a la comunidad y que funcionan desde las 17:00 horas hasta la medianoche, adem\u00e1s del SAR que se mantiene operativo las 24 horas. Destac\u00f3 que como Corporaci\u00f3n Municipal han realizado un refuerzo de los equipos de salud con la incorporaci\u00f3n de m\u00e9dicos, kinesi\u00f3logos y enfermeras categorizadoras en el SAR, lo que permite filtrar de manera m\u00e1s eficiente el nivel de urgencia de las consultas y otorgar la prioridad necesaria.<\/p>\n\n\n\n<p>El Seremi de Gobierno, Andro Mimica, se\u00f1al\u00f3 que en este momento es muy importante que cada persona y cada familia asumiera la responsabilidad de mantener el resguardo necesario, entendiendo que, durante las Fiestas Patrias, podr\u00edan generarse aglomeraciones y reuniones familiares o p\u00fablicas, por lo que la idea ee que se realicen con las precauciones adecuadas, especialmente para quienes pudieran presentar un virus respiratorio, siguiendo las medidas de prevenci\u00f3n entregadas por la Seremi.<\/p>\n\n\n\n<p>El Vocero de Gobierno recalc\u00f3 que es fundamental evitar la saturaci\u00f3n de los centros asistenciales, para lo cual resulta clave que la comunidad pueda reconocer los s\u00edntomas. De esta manera, quienes realmente necesiten atenci\u00f3n urgente puedan recibirla de forma oportuna, resguardando as\u00ed la salud en la Regi\u00f3n de Magallanes. Asimismo, hizo un llamado a las familias a seguir las indicaciones preventivas y, en caso de requerirlo, acudir a los centros asistenciales que est\u00e1n disponibles en todos los puntos de la regi\u00f3n para brindar una respuesta adecuada.<\/p>\n\n\n\n<p>El Director del CESFAM 18 de Septiembre, Mart\u00edn Arguedas, sostuvo que la poblaci\u00f3n actual que atiende este centro es de 18.128 usuarios, de los cuales el 23 % corresponde a adultos mayores y son, a su vez, los que ocupan actualmente el 50 % de las atenciones aproximadamente. \u201cPor lo tanto, es una poblaci\u00f3n que tambi\u00e9n es de alto riesgo en esta \u00e9poca del a\u00f1o. El llamado es a que se mantengan lo m\u00e1s alejados posible de fuentes de infecciones y con los cuidados respectivos para evitar problemas de salud\u201d, sostuvo. &nbsp;Agreg\u00f3 que los ni\u00f1os y ni\u00f1as han sido parte tambi\u00e9n de los pacientes m\u00e1s atendidos con infecciones respiratorias. La poblaci\u00f3n infantil representa un 20% de los usuarios.<\/p>\n\n\n\n<p>De acuerdo con la Vigilancia Regional de Enfermedades Respiratorias correspondiente a la Semana Epidemiol\u00f3gica N\u00b035 (24 al 30 de agosto), la positividad alcanz\u00f3 un 54%, es decir, m\u00e1s de la mitad de los ex\u00e1menes realizados resultaron positivos. Aunque se observ\u00f3 una leve baja respecto a la semana anterior (59%), el Virus Respiratorio Sincicial (VRS) sigue en aumento y se mantiene predominante, seguido por rinovirus y adenovirus.<\/p>\n\n\n\n<p>La circulaci\u00f3n del VRS continu\u00f3 en ascenso, afectando principalmente a menores de un a\u00f1o (47%), ni\u00f1os de 1 a 4 a\u00f1os (55%) y adultos mayores de 65 a\u00f1os (50%). En tanto, las consultas de urgencia por causas respiratorias alcanzaron un 34,4% del total, cifra levemente menor a la semana previa. Los grupos de mayor demanda en urgencias fueron los ni\u00f1os peque\u00f1os y las personas mayores, quienes tambi\u00e9n presentaron mayores tasas de hospitalizaci\u00f3n.<\/p>\n\n\n\n<p>En materia de vacunaci\u00f3n, hasta el 1 de septiembre la cobertura regional contra la influenza alcanz\u00f3 un 78%, con un total de 74.706 personas inmunizadas. Respecto del Virus Respiratorio Sincicial, la cobertura de la inmunizaci\u00f3n con Nirsevimab lleg\u00f3 a un 93,2% en lactantes, superando a la cifra nacional.<\/p>\n","protected":false},"excerpt":{"rendered":"<p>Aunque agosto qued\u00f3 atr\u00e1s y comenz\u00f3 septiembre, en la Regi\u00f3n de Magallanes el invierno contin\u00faa con bajas temperaturas y una alta circulaci\u00f3n de virus respiratorios, lo que se refleja en&#8230; <a class=\"read-more\" href=\"https:\/\/www.radiopresidenteibanez.cl\/web\/aunque-agosto-termino-el-invierno-continua-sector-salud-llama-a-mantener-la-prevencion-ante-alta-circulacion-de-virus-respiratorios\/\">Leer m\u00e1s<\/a><\/p>\n","protected":false},"author":2,"featured_media":58645,"comment_status":"closed","ping_status":"closed","sticky":false,"template":"","format":"standard","meta":{"footnotes":""},"categories":[1],"tags":[],"class_list":["post-58644","post","type-post","status-publish","format-standard","has-post-thumbnail","hentry","category-cronica"],"_links":{"self":[{"href":"https:\/\/www.radiopresidenteibanez.cl\/web\/wp-json\/wp\/v2\/posts\/58644","targetHints":{"allow":["GET"]}}],"collection":[{"href":"https:\/\/www.radiopresidenteibanez.cl\/web\/wp-json\/wp\/v2\/posts"}],"about":[{"href":"https:\/\/www.radiopresidenteibanez.cl\/web\/wp-json\/wp\/v2\/types\/post"}],"author":[{"embeddable":true,"href":"https:\/\/www.radiopresidenteibanez.cl\/web\/wp-json\/wp\/v2\/users\/2"}],"replies":[{"embeddable":true,"href":"https:\/\/www.radiopresidenteibanez.cl\/web\/wp-json\/wp\/v2\/comments?post=58644"}],"version-history":[{"count":0,"href":"https:\/\/www.radiopresidenteibanez.cl\/web\/wp-json\/wp\/v2\/posts\/58644\/revisions"}],"wp:featuredmedia":[{"embeddable":true,"href":"https:\/\/www.radiopresidenteibanez.cl\/web\/wp-json\/wp\/v2\/media\/58645"}],"wp:attachment":[{"href":"https:\/\/www.radiopresidenteibanez.cl\/web\/wp-json\/wp\/v2\/media?parent=58644"}],"wp:term":[{"taxonomy":"category","embeddable":true,"href":"https:\/\/www.radiopresidenteibanez.cl\/web\/wp-json\/wp\/v2\/categories?post=58644"},{"taxonomy":"post_tag","embeddable":true,"href":"https:\/\/www.radiopresidenteibanez.cl\/web\/wp-json\/wp\/v2\/tags?post=58644"}],"curies":[{"name":"wp","href":"https:\/\/api.w.org\/{rel}","templated":true}]}}