{"id":58641,"date":"2025-09-03T11:39:00","date_gmt":"2025-09-03T14:39:00","guid":{"rendered":"https:\/\/www.radiopresidenteibanez.cl\/web\/?p=58641"},"modified":"2025-09-03T10:50:01","modified_gmt":"2025-09-03T13:50:01","slug":"inicia-el-aumento-de-la-pgu-para-mas-de-3-300-pensionados-as-mayores-de-82-anos-en-magallanes","status":"publish","type":"post","link":"https:\/\/www.radiopresidenteibanez.cl\/web\/inicia-el-aumento-de-la-pgu-para-mas-de-3-300-pensionados-as-mayores-de-82-anos-en-magallanes\/","title":{"rendered":"Inicia el aumento de la PGU para m\u00e1s de 3.300 pensionados\/as mayores de 82 a\u00f1os en Magallanes"},"content":{"rendered":"\n<p>La reforma de Pensiones sigue avanzando y, a partir de<br>hoy, 2 de septiembre, inicia el pago del incremento de la Pensi\u00f3n Garantizada Universal, PGU, para<br>un total de 3.379 personas de 82 a\u00f1os y m\u00e1s en la regi\u00f3n. As\u00ed, el monto de esta ayuda del Estado<br>pasar\u00e1 desde los $224.004 a $250.000 para quienes reciben el monto m\u00e1ximo del beneficio.<br>Asimismo, durante esta misma jornada, se incorporar\u00e1n, por primera vez, al beneficio de la PGU,<br>las y los pensionados de leyes reparatorias mayores de 82 a\u00f1os, que para este mes, ser\u00e1n 87 los<br>beneficiados.<br>As\u00ed lo dieron a conocer durante esta jornada las autoridades regionales, en el marco de una nueva<br>charla para difundir los avances en la implementaci\u00f3n de la reforma previsional, la cual se<br>desarroll\u00f3 en la sede vecinal N\u00b013 Carlos Ib\u00e1\u00f1ez de Punta Arenas.<br>En palabras del Delegado Presidencial Regional, Jos\u00e9 Ruiz Pivcevic, \u201cestamos en un hito muy<br>relevante, un nuevo hito que se cumple con la Reforma de Pensiones y tan esperado como es el<br>incremento de la Pensi\u00f3n Garantizada Universal para m\u00e1s de 3.300 pensionadas y pensionados<br>mayores de 82 a\u00f1os en nuestra regi\u00f3n. Con este encuentro ciudadano, con los vecinos de la<br>poblaci\u00f3n Carlos Ib\u00e1\u00f1ez, estamos dando a conocer esta buena noticia e informando a la<br>comunidad que este aumento de las pensiones ya no es una promesa, sino que es una realidad\u201d.<br>Los beneficios se cobrar\u00e1n seg\u00fan la modalidad habitual de pago a trav\u00e9s de los proveedores<br>contratados por el IPS, ya sea por dep\u00f3sito o presencialmente en Caja Los H\u00e9roes o BancoEstado,<br>seg\u00fan corresponda a cada persona. Las fechas de pago est\u00e1n distribuidas a lo largo de<br>septiembre, desde el d\u00eda 2 hasta antes del 18, y aparece indicada en la liquidaci\u00f3n de pago del mes<br>anterior. Es decir, no se debe hacer ning\u00fan tr\u00e1mite adicional para estos cobros.<br>Seg\u00fan expuso el seremi de gobierno, Andro Mimica Guerrero, \u201ca partir de hoy, 2 de septiembre, se<br>aumenta el monto de la PGU, pasando de $224.000 a $250.000. Esa es una de las buenas noticias<br>que estamos entregando hoy. Pero tambi\u00e9n, algo no menos importante es que tambi\u00e9n a partir de<br>hoy, 87 pensionadas y pensionados de leyes reparatorias de nuestra regi\u00f3n, ya podr\u00e1n percibir la<br>PGU, por primera vez, lo que, para nosotros, como Gobierno del Presidente Boric, constituye un<br>acto de toda justicia para ellas y ellos\u201d.<\/p>\n\n\n\n<p>De acuerdo con la gradualidad prevista en la Reforma, desde este mes se benefician con el<br>incremento las personas de 82 y m\u00e1s a\u00f1os que tienen PGU; el a\u00f1o 2026 corresponder\u00e1 el aumento<br>para quienes tengan 75 o m\u00e1s a\u00f1os; y el 2027 para las personas de 65 y m\u00e1s a\u00f1os.<br>En palabras de la seremi del Trabajo y Previsi\u00f3n Social, Jessica Bengoa Mayorga, \u201calgo tambi\u00e9n<br>relevante es que, desde septiembre, junto con el incremento de la PGU, tambi\u00e9n se ver\u00e1n<br>beneficiados otros grupos de personas que ver\u00e1n aumentos en sus diferentes beneficios, como<br>quienes reciben Pensi\u00f3n B\u00e1sica Solidaria de Invalidez, Aporte Previsional Solidario de Invalidez y<br>Subsidios de Discapacidad, con lo que, en su totalidad, llegaremos a beneficiar a m\u00e1s de 5.700<br>magall\u00e1nicas y magall\u00e1nicos\u201d.<br>Uno de los beneficiarios de este hito es don Jaime Paradis San Mart\u00edn, ppara quien este hito<br>representa un beneficio muy importante \u201cya que, con las AFP tenemos muchas personas mayores<br>con pensiones de miseria y con el aumento de la PGU, se est\u00e1 beneficiando a muchas personas.<br>Nos parece muy importante, adem\u00e1s, que las instituciones lleguen a los vecinos para que se<br>informen sobre la reforma\u201d.<br>Las y los asistentes resolvieron m\u00faltiples dudas respecto a sus propias pensiones, al acceso a la<br>PGU, compensaci\u00f3n a mujeres, entre otros beneficios que trae la reforma.<br>Para m\u00e1s informaci\u00f3n respecto a la implementaci\u00f3n de la Reforma de Pensiones y c\u00f3mo acceder a<br>los diferentes beneficios de esta, se puede encontrar en www.lareformadepensiones.cl y tambi\u00e9n<br>a trav\u00e9s de los canales de atenci\u00f3n del IPS, en www.chileatiende.cl, redes sociales @ChileAtiende,<br>Call Center 101 y las cuatro sucursales del IPS \u2013 Chileatiende en las cuatro provincias de la regi\u00f3n.<\/p>\n","protected":false},"excerpt":{"rendered":"<p>La reforma de Pensiones sigue avanzando y, a partir dehoy, 2 de septiembre, inicia el pago del incremento de la Pensi\u00f3n Garantizada Universal, PGU, paraun total de 3.379 personas de&#8230; <a class=\"read-more\" href=\"https:\/\/www.radiopresidenteibanez.cl\/web\/inicia-el-aumento-de-la-pgu-para-mas-de-3-300-pensionados-as-mayores-de-82-anos-en-magallanes\/\">Leer m\u00e1s<\/a><\/p>\n","protected":false},"author":2,"featured_media":58642,"comment_status":"closed","ping_status":"closed","sticky":false,"template":"","format":"standard","meta":{"footnotes":""},"categories":[1],"tags":[],"class_list":["post-58641","post","type-post","status-publish","format-standard","has-post-thumbnail","hentry","category-cronica"],"_links":{"self":[{"href":"https:\/\/www.radiopresidenteibanez.cl\/web\/wp-json\/wp\/v2\/posts\/58641","targetHints":{"allow":["GET"]}}],"collection":[{"href":"https:\/\/www.radiopresidenteibanez.cl\/web\/wp-json\/wp\/v2\/posts"}],"about":[{"href":"https:\/\/www.radiopresidenteibanez.cl\/web\/wp-json\/wp\/v2\/types\/post"}],"author":[{"embeddable":true,"href":"https:\/\/www.radiopresidenteibanez.cl\/web\/wp-json\/wp\/v2\/users\/2"}],"replies":[{"embeddable":true,"href":"https:\/\/www.radiopresidenteibanez.cl\/web\/wp-json\/wp\/v2\/comments?post=58641"}],"version-history":[{"count":0,"href":"https:\/\/www.radiopresidenteibanez.cl\/web\/wp-json\/wp\/v2\/posts\/58641\/revisions"}],"wp:featuredmedia":[{"embeddable":true,"href":"https:\/\/www.radiopresidenteibanez.cl\/web\/wp-json\/wp\/v2\/media\/58642"}],"wp:attachment":[{"href":"https:\/\/www.radiopresidenteibanez.cl\/web\/wp-json\/wp\/v2\/media?parent=58641"}],"wp:term":[{"taxonomy":"category","embeddable":true,"href":"https:\/\/www.radiopresidenteibanez.cl\/web\/wp-json\/wp\/v2\/categories?post=58641"},{"taxonomy":"post_tag","embeddable":true,"href":"https:\/\/www.radiopresidenteibanez.cl\/web\/wp-json\/wp\/v2\/tags?post=58641"}],"curies":[{"name":"wp","href":"https:\/\/api.w.org\/{rel}","templated":true}]}}