{"id":58638,"date":"2025-09-03T09:56:00","date_gmt":"2025-09-03T12:56:00","guid":{"rendered":"https:\/\/www.radiopresidenteibanez.cl\/web\/?p=58638"},"modified":"2025-09-03T09:53:08","modified_gmt":"2025-09-03T12:53:08","slug":"diputado-matheson-la-desidia-de-las-autoridades-de-salud-provocara-caos-hospitalario-en-unidad-de-psiquiatria-del-hospital-clinico-de-punta-arenas","status":"publish","type":"post","link":"https:\/\/www.radiopresidenteibanez.cl\/web\/diputado-matheson-la-desidia-de-las-autoridades-de-salud-provocara-caos-hospitalario-en-unidad-de-psiquiatria-del-hospital-clinico-de-punta-arenas\/","title":{"rendered":"Diputado Matheson La desidia de las Autoridades de Salud provocar\u00e1 caos hospitalario en unidad de Psiquiatr\u00eda del Hospital Cl\u00ednico de Punta Arenas."},"content":{"rendered":"\n<p>Su completa \u201cindignaci\u00f3n\u201d, manifest\u00f3 el diputado Christian Matheson, luego de&nbsp; conocer a trav\u00e9s de los medios de prensa y las dirigencias de las tres Asociaciones de Funcionarios de Gendarmer\u00eda, que en diciembre pr\u00f3ximo se cerrar\u00e1 la unidad psiqui\u00e1trica de la c\u00e1rcel de Punta Arenas poniendo t\u00e9rmino a un convenio que existe desde el a\u00f1o 2003 y que fuera renovado en el a\u00f1o 2023, esto por una supuesta falta de recursos del Ministerio de Salud, lo que calific\u00f3 de \u201cextremadamente preocupante y de una falta total de criterio por parte de las autoridades de Salud del actual gobierno\u201d. El Convenio permite la atenci\u00f3n de internos del recinto penitenciario, dentro de la c\u00e1rcel en una Unidad para reclusos con problemas psiqui\u00e1tricos graves.<\/p>\n\n\n\n<p>Para el legislador, el cierre de la unidad \u201ctendr\u00e1 efectos muy negativos para los vecinos de Punta Arenas que por alguna patolog\u00eda necesiten ser hospitalizados en la unidad psiqui\u00e1trica del Hospital Cl\u00ednico de Punta Arenas, unidad que ya es deficitaria\u201d, agregando que \u201clos reos que hoy cumplen hospitalizaci\u00f3n psiqui\u00e1trica en el recinto carcelario, con la determinaci\u00f3n adoptada \u00b4por las autoridades de Salud, tendr\u00e1n que ser trasladados al Hospital Cl\u00ednico y ocuparan camas que hoy est\u00e1n destinadas a los vecinos de punta arenas, aumentando el d\u00e9ficit de camas destinadas a psiquiatr\u00eda. Por otra parte 10 gendarmes deber\u00e1n permanecer en el recinto hospitalario en forma permanente al resguardo de los reos hospitalizados, lo que afectar\u00e1 el funcionamiento de la c\u00e1rcel al reducir la dotaci\u00f3n de gendarmes ejerciendo en ella\u201d<\/p>\n\n\n\n<p>\u201cActualmente existen 14 camas en psiquiatr\u00eda adultos en el Hospital Cl\u00ednico y existen 22 hospitalizados, lo que da cuenta del d\u00e9ficit de camas, cosa que se agravar\u00e1 al tener que hospitalizar a quienes est\u00e1n en la Unidad Psiqui\u00e1trica de la C\u00e1rcel\u201d, agregando que \u201c esto no es todo sino que tambi\u00e9n postergar\u00e1 la atenci\u00f3n de nuestros vecinos que concurren al Cosam de Punta Arenas en forma diaria, porque los aproximadamente 90 pacientes psiqui\u00e1tricos que existen en el recinto penitenciario y que hoy son atendidos en la c\u00e1rcel, deber\u00e1n ser trasladados y atendidos en forma prioritaria en el Centro de Salud Ambulatoria de Salud Mental\u201d, lo que tambi\u00e9n constituir\u00e1 un peligro para los funcionarios de gendarmer\u00eda y los vecinos, si existiera un posible rescate violento por parte de bandas delictuales\u201d<\/p>\n\n\n\n<p>Por ello, de continuar en curso el cierre de la Unidad Psiqui\u00e1trica del centro penitenciario, Matheson no descarta iniciar alguna acci\u00f3n judicial en contra de la Direcci\u00f3n del Servicio de Salud, la Seremi de Salud y el Seremi de Justicia, por cuanto se estar\u00e1 afectando gravemente la atenci\u00f3n de salud de los vecinos en el sistema de salud p\u00fablica. Matheson concluy\u00f3 \u201c<strong>hago un llamado al di\u00e1logo de todos los involucrados, para llegar a acuerdos que permitan la continuidad de la Unidad Psiqui\u00e1trica del Centro Penitenciario, porque el cerrarla s\u00f3lo agravar\u00e1 las problem\u00e1ticas que existen en la Salud Regional, perjudicando a nuestros vecinos y si adem\u00e1s existiera alg\u00fan hecho grave durante el traslado de los reclusos, incluso con personas lesionadas, los \u00fanicos responsables y c\u00f3mplices ser\u00e1n quienes tomaron la decisi\u00f3n equivocada del cierre de dicha Unidad en el recinto carcelario<\/strong>\u201d.<\/p>\n","protected":false},"excerpt":{"rendered":"<p>Su completa \u201cindignaci\u00f3n\u201d, manifest\u00f3 el diputado Christian Matheson, luego de&nbsp; conocer a trav\u00e9s de los medios de prensa y las dirigencias de las tres Asociaciones de Funcionarios de Gendarmer\u00eda, que&#8230; <a class=\"read-more\" href=\"https:\/\/www.radiopresidenteibanez.cl\/web\/diputado-matheson-la-desidia-de-las-autoridades-de-salud-provocara-caos-hospitalario-en-unidad-de-psiquiatria-del-hospital-clinico-de-punta-arenas\/\">Leer m\u00e1s<\/a><\/p>\n","protected":false},"author":2,"featured_media":58639,"comment_status":"closed","ping_status":"closed","sticky":false,"template":"","format":"standard","meta":{"footnotes":""},"categories":[1],"tags":[],"class_list":["post-58638","post","type-post","status-publish","format-standard","has-post-thumbnail","hentry","category-cronica"],"_links":{"self":[{"href":"https:\/\/www.radiopresidenteibanez.cl\/web\/wp-json\/wp\/v2\/posts\/58638","targetHints":{"allow":["GET"]}}],"collection":[{"href":"https:\/\/www.radiopresidenteibanez.cl\/web\/wp-json\/wp\/v2\/posts"}],"about":[{"href":"https:\/\/www.radiopresidenteibanez.cl\/web\/wp-json\/wp\/v2\/types\/post"}],"author":[{"embeddable":true,"href":"https:\/\/www.radiopresidenteibanez.cl\/web\/wp-json\/wp\/v2\/users\/2"}],"replies":[{"embeddable":true,"href":"https:\/\/www.radiopresidenteibanez.cl\/web\/wp-json\/wp\/v2\/comments?post=58638"}],"version-history":[{"count":0,"href":"https:\/\/www.radiopresidenteibanez.cl\/web\/wp-json\/wp\/v2\/posts\/58638\/revisions"}],"wp:featuredmedia":[{"embeddable":true,"href":"https:\/\/www.radiopresidenteibanez.cl\/web\/wp-json\/wp\/v2\/media\/58639"}],"wp:attachment":[{"href":"https:\/\/www.radiopresidenteibanez.cl\/web\/wp-json\/wp\/v2\/media?parent=58638"}],"wp:term":[{"taxonomy":"category","embeddable":true,"href":"https:\/\/www.radiopresidenteibanez.cl\/web\/wp-json\/wp\/v2\/categories?post=58638"},{"taxonomy":"post_tag","embeddable":true,"href":"https:\/\/www.radiopresidenteibanez.cl\/web\/wp-json\/wp\/v2\/tags?post=58638"}],"curies":[{"name":"wp","href":"https:\/\/api.w.org\/{rel}","templated":true}]}}