{"id":58631,"date":"2025-09-03T08:56:34","date_gmt":"2025-09-03T11:56:34","guid":{"rendered":"https:\/\/www.radiopresidenteibanez.cl\/web\/?p=58631"},"modified":"2025-09-03T08:59:49","modified_gmt":"2025-09-03T11:59:49","slug":"llaman-a-victimas-de-ex-sename-a-acercarse-a-comision-asesora-presidencial","status":"publish","type":"post","link":"https:\/\/www.radiopresidenteibanez.cl\/web\/llaman-a-victimas-de-ex-sename-a-acercarse-a-comision-asesora-presidencial\/","title":{"rendered":"LLAMAN A V\u00cdCTIMAS DE EX SENAME A ACERCARSE A COMISI\u00d3N ASESORA PRESIDENCIAL"},"content":{"rendered":"\n<p>Autoridades regionales encabezadas por el Delegado Presidencial Regional, Jos\u00e9 Ruiz Pivcevic,<br>junto a la Seremi de Justicia y Derechos Humanos, Michelle Peutat, y al Seremi de Gobierno, Andro<br>Mimica, dieron cuenta del trabajo que despliega hoy el Gobierno de Chile en la b\u00fasqueda de la<br>verdad, en su compromiso de abrir canales para esclarecer las graves vulneraciones ocurridas a<br>ni\u00f1as, ni\u00f1os y adolescentes bajo custodia del Estado -a trav\u00e9s del SENAME o en sistemas de<br>cuidado alternativos privados- entre los a\u00f1os 1979 y 2021.<br>En la Delegaci\u00f3n Presidencial Regional de Magallanes, se realiz\u00f3 esta tarde un punto de prensa<br>para dar a conocer a la comunidad los alcances y objetivos de la Comisi\u00f3n Verdad y Ni\u00f1ez,<br>encargada de dilucidar estas hist\u00f3ricas violaciones a los derechos humanos. Las autoridades<br>valoraron el que, por primera vez, el Estado de Chile asuma una iniciativa como sociedad<br>democr\u00e1tica, que busca reconocer a las v\u00edctimas, esclarecer lo sucedido y, en especial, encontrar<br>tambi\u00e9n las formas para garantizar que esto nunca vuelva a suceder.<br>Como instancia in\u00e9dita en nuestro pa\u00eds, el Delegado Presidencial Jos\u00e9 Ruiz destac\u00f3 que el<br>Presidente Gabriel Boric instaur\u00f3 una comisi\u00f3n asesora presidencial, que lleva adelante el registro<br>y recolecci\u00f3n de testimonios de quienes pasaron por centros del SENAME, con la misi\u00f3n de<br>recopilar estos testimonios para, de esa forma, establecer una verdad y eventualmente generar la<br>reparaci\u00f3n a quienes hayan visto vulnerados sus derechos.<br>Por ello, en el marco del actual proceso de recopilaci\u00f3n de antecedentes invit\u00f3 a entregar<br>testimonio a todas las personas que en su infancia o adolescencia, estando bajo la custodia del<br>Estado o de instituciones privadas vinculadas al SENAME, hayan vivido situaciones de maltrato,<br>abuso, abandono o cualquier otra forma de violaci\u00f3n de derechos humanos. \u201cEste es un proceso<br>confidencial, respetuoso y acompa\u00f1ado por profesionales especializados\u201d, subray\u00f3, por lo que<br>llam\u00f3 a que las personas puedan confiar en este espacio, siendo \u00e9ste un proceso que en la regi\u00f3n<br>se puede realizar de forma presencial, virtual y tambi\u00e9n escrita.<br>La Seremi Michelle Peutat explic\u00f3 que esta comisi\u00f3n tiene car\u00e1cter administrativo, es acompa\u00f1ada<br>por el Ministerio de Justicia y DD.HH., y viene a responder a obligaciones que tiene el Estado de<br>Chile en materia de derechos humanos debido a los tratados internacionales que ha suscrito. Al<br>respecto, busca esclarecer la verdad en relaci\u00f3n a c\u00f3mo estas vulneraciones se cometieron, con miras a determinar a futuro v\u00edas institucionales de reparaci\u00f3n, y \u201cpor ahora no viene a suplir las<br>instancias judiciales que puedan existir al respecto\u201d.<br>Al respecto, a\u00f1adi\u00f3 que una vez que la comisi\u00f3n reciba la informaci\u00f3n, la analice y determine si<br>efectivamente existe alg\u00fan patr\u00f3n que identificar donde se requiera tomar acciones de car\u00e1cter<br>judicial, \u201cpor supuesto que eso se va a analizar en su justa medida, por parte de los integrantes de<br>esta comisi\u00f3n, que adem\u00e1s no son funcionarios y funcionarias dependientes de ninguna de las<br>instituciones que estamos ac\u00e1 presentes, sino que fueron efectivamente contratadas para hacer<br>este trabajo de manera aut\u00f3noma\u201d.<br>Por su parte, el Seremi de Gobierno, Andro Mimica, expres\u00f3 que \u201clo primero es reconocer que<br>durante ya m\u00e1s de una d\u00e9cada se ha venido en una discusi\u00f3n sobre la vulnerabilidad que se ha<br>tenido sobre los ni\u00f1os, ni\u00f1as y adolescentes al interior de los ex centros del Sename. Lo que hoy d\u00eda buscamos como gobierno, y principalmente el Presidente Gabriel Boric, es que de una vez por todas tambi\u00e9n cada uno de estos testimonios pueda brindar dignidad, pero tambi\u00e9n se ajusten a derecho a un relato que por tanto tiempo ha sido desconocido por el Estado y podamos ir buscando la reparaci\u00f3n necesaria\u201d.<br>Finalmente, reiter\u00f3 que quienes se sintieron afectados y tuvieron alg\u00fan paso por el Sename en<br>este periodo de tiempo, pueden inscribirse en la p\u00e1gina web comisionverdadninez.gob.cl desde<br>donde se les har\u00e1 llegar una respuesta para que puedan acercarse a un lugar privado y de esa<br>manera ser entrevistados o tambi\u00e9n podr\u00e1n dejar su testimonio escrito en la misma p\u00e1gina.<\/p>\n","protected":false},"excerpt":{"rendered":"<p>Autoridades regionales encabezadas por el Delegado Presidencial Regional, Jos\u00e9 Ruiz Pivcevic,junto a la Seremi de Justicia y Derechos Humanos, Michelle Peutat, y al Seremi de Gobierno, AndroMimica, dieron cuenta del&#8230; <a class=\"read-more\" href=\"https:\/\/www.radiopresidenteibanez.cl\/web\/llaman-a-victimas-de-ex-sename-a-acercarse-a-comision-asesora-presidencial\/\">Leer m\u00e1s<\/a><\/p>\n","protected":false},"author":2,"featured_media":58632,"comment_status":"closed","ping_status":"closed","sticky":false,"template":"","format":"standard","meta":{"footnotes":""},"categories":[1],"tags":[],"class_list":["post-58631","post","type-post","status-publish","format-standard","has-post-thumbnail","hentry","category-cronica"],"_links":{"self":[{"href":"https:\/\/www.radiopresidenteibanez.cl\/web\/wp-json\/wp\/v2\/posts\/58631","targetHints":{"allow":["GET"]}}],"collection":[{"href":"https:\/\/www.radiopresidenteibanez.cl\/web\/wp-json\/wp\/v2\/posts"}],"about":[{"href":"https:\/\/www.radiopresidenteibanez.cl\/web\/wp-json\/wp\/v2\/types\/post"}],"author":[{"embeddable":true,"href":"https:\/\/www.radiopresidenteibanez.cl\/web\/wp-json\/wp\/v2\/users\/2"}],"replies":[{"embeddable":true,"href":"https:\/\/www.radiopresidenteibanez.cl\/web\/wp-json\/wp\/v2\/comments?post=58631"}],"version-history":[{"count":0,"href":"https:\/\/www.radiopresidenteibanez.cl\/web\/wp-json\/wp\/v2\/posts\/58631\/revisions"}],"wp:featuredmedia":[{"embeddable":true,"href":"https:\/\/www.radiopresidenteibanez.cl\/web\/wp-json\/wp\/v2\/media\/58632"}],"wp:attachment":[{"href":"https:\/\/www.radiopresidenteibanez.cl\/web\/wp-json\/wp\/v2\/media?parent=58631"}],"wp:term":[{"taxonomy":"category","embeddable":true,"href":"https:\/\/www.radiopresidenteibanez.cl\/web\/wp-json\/wp\/v2\/categories?post=58631"},{"taxonomy":"post_tag","embeddable":true,"href":"https:\/\/www.radiopresidenteibanez.cl\/web\/wp-json\/wp\/v2\/tags?post=58631"}],"curies":[{"name":"wp","href":"https:\/\/api.w.org\/{rel}","templated":true}]}}