{"id":58625,"date":"2025-09-02T15:14:00","date_gmt":"2025-09-02T18:14:00","guid":{"rendered":"https:\/\/www.radiopresidenteibanez.cl\/web\/?p=58625"},"modified":"2025-09-02T11:27:42","modified_gmt":"2025-09-02T14:27:42","slug":"artes-y-memorias-umag-abre-septiembre-con-un-ciclo-cultural-sobre-derechos-humanos","status":"publish","type":"post","link":"https:\/\/www.radiopresidenteibanez.cl\/web\/artes-y-memorias-umag-abre-septiembre-con-un-ciclo-cultural-sobre-derechos-humanos\/","title":{"rendered":"Artes y Memorias: UMAG abre septiembre con un ciclo cultural sobre Derechos Humanos"},"content":{"rendered":"\n<p>Bajo el nombre de \u201cArtes y Memorias\u201d la Universidad de Magallanes conmemorar\u00e1 con diversas actividades en el mes de septiembre un nuevo aniversario del Golpe de Estado de 1973. La primera de ellas ser\u00e1 la exhibici\u00f3n del documental \u201cPuntarenazo\u201d (Eolo \u2013 Pueblo Nuevo, 2023), una producci\u00f3n audiovisual del d\u00fao magall\u00e1nico Lluvia \u00c1cida que combina m\u00fasica, testimonios orales y material de prensa para narrar lo que fue la hist\u00f3rica protesta contra Augusto Pinochet, llevada a cabo en la Plaza de Armas de Punta Arenas en 1984, as\u00ed como su posterior represalia, el atentado a la Parroquia de F\u00e1tima. La proyecci\u00f3n se realizar\u00e1 el mi\u00e9rcoles 03 de septiembre a las 19.00 horas en el auditorio Ernesto Livacic (Facultad de Ingenier\u00eda UMAG). El d\u00eda viernes 05 de septiembre, en el mismo recinto y tambi\u00e9n a las 19:00 horas se proyectar\u00e1 el documental \u201cMUDECHI: Semillas de resistencia\u201d, un documental del canal UMAG TV basado en los archivos de la agrupaci\u00f3n de mujeres que se atrevi\u00f3 a organizarse para manifestarse contra la Dictadura y luchar por el retorno a la democracia.<\/p>\n\n\n\n<p>Las actividades continuar\u00e1n la semana siguiente en el Auditorio Ernesto Livacic, el lunes 08 de septiembre a las 19:00 horas, con una exposici\u00f3n acerca de la declaratoria de Monumento Nacional del Campamento COMPINGIN (Isla Dawson), a cargo del investigador en Derechos Humanos Iv\u00e1n Gonz\u00e1lez. En el mismo auditorio, el d\u00eda viernes 12 de septiembre a las 19.00 horas se realizar\u00e1 un homenaje al escritor Arist\u00f3teles Espa\u00f1a, fallecido en 2011 y que testimoni\u00f3 su experiencia como preso pol\u00edtico (con solo 17 a\u00f1os de edad) en libros como \u201cDawson\u201d y \u201cAl sur de la memoria\u201d. All\u00ed expondr\u00e1 el escritor y acad\u00e9mico de la UMAG Pavel Oyarz\u00fan y Baldovino G\u00f3mez (Agrupaci\u00f3n de Derechos Humanos \u201cOrlando Letelier\u201d) mostrar\u00e1 documentos originales del escritor. Este ciclo de actividades, organizadas por la Unidad de Artes, Culturas y Patrimonios \u2013 VVM UMAG, son de entrada liberada y abiertas para toda la comunidad magall\u00e1nica.<\/p>\n","protected":false},"excerpt":{"rendered":"<p>Bajo el nombre de \u201cArtes y Memorias\u201d la Universidad de Magallanes conmemorar\u00e1 con diversas actividades en el mes de septiembre un nuevo aniversario del Golpe de Estado de 1973. La&#8230; <a class=\"read-more\" href=\"https:\/\/www.radiopresidenteibanez.cl\/web\/artes-y-memorias-umag-abre-septiembre-con-un-ciclo-cultural-sobre-derechos-humanos\/\">Leer m\u00e1s<\/a><\/p>\n","protected":false},"author":2,"featured_media":58626,"comment_status":"closed","ping_status":"closed","sticky":false,"template":"","format":"standard","meta":{"footnotes":""},"categories":[1],"tags":[],"class_list":["post-58625","post","type-post","status-publish","format-standard","has-post-thumbnail","hentry","category-cronica"],"_links":{"self":[{"href":"https:\/\/www.radiopresidenteibanez.cl\/web\/wp-json\/wp\/v2\/posts\/58625","targetHints":{"allow":["GET"]}}],"collection":[{"href":"https:\/\/www.radiopresidenteibanez.cl\/web\/wp-json\/wp\/v2\/posts"}],"about":[{"href":"https:\/\/www.radiopresidenteibanez.cl\/web\/wp-json\/wp\/v2\/types\/post"}],"author":[{"embeddable":true,"href":"https:\/\/www.radiopresidenteibanez.cl\/web\/wp-json\/wp\/v2\/users\/2"}],"replies":[{"embeddable":true,"href":"https:\/\/www.radiopresidenteibanez.cl\/web\/wp-json\/wp\/v2\/comments?post=58625"}],"version-history":[{"count":0,"href":"https:\/\/www.radiopresidenteibanez.cl\/web\/wp-json\/wp\/v2\/posts\/58625\/revisions"}],"wp:featuredmedia":[{"embeddable":true,"href":"https:\/\/www.radiopresidenteibanez.cl\/web\/wp-json\/wp\/v2\/media\/58626"}],"wp:attachment":[{"href":"https:\/\/www.radiopresidenteibanez.cl\/web\/wp-json\/wp\/v2\/media?parent=58625"}],"wp:term":[{"taxonomy":"category","embeddable":true,"href":"https:\/\/www.radiopresidenteibanez.cl\/web\/wp-json\/wp\/v2\/categories?post=58625"},{"taxonomy":"post_tag","embeddable":true,"href":"https:\/\/www.radiopresidenteibanez.cl\/web\/wp-json\/wp\/v2\/tags?post=58625"}],"curies":[{"name":"wp","href":"https:\/\/api.w.org\/{rel}","templated":true}]}}