{"id":58622,"date":"2025-09-02T13:23:00","date_gmt":"2025-09-02T16:23:00","guid":{"rendered":"https:\/\/www.radiopresidenteibanez.cl\/web\/?p=58622"},"modified":"2025-09-02T11:11:12","modified_gmt":"2025-09-02T14:11:12","slug":"sag-magallanes-y-municipalidad-de-punta-arenas-avanzan-en-trabajo-conjunto-por-la-problematica-de-equinos-en-la-via-publica","status":"publish","type":"post","link":"https:\/\/www.radiopresidenteibanez.cl\/web\/sag-magallanes-y-municipalidad-de-punta-arenas-avanzan-en-trabajo-conjunto-por-la-problematica-de-equinos-en-la-via-publica\/","title":{"rendered":"SAG Magallanes y Municipalidad de Punta Arenas avanzan en trabajo conjunto por la problem\u00e1tica de equinos en la v\u00eda p\u00fablica"},"content":{"rendered":"\n<p>En&nbsp;el marco de una reuni\u00f3n de trabajo sostenida entre el Servicio Agr\u00edcola y Ganadero de Magallanes y la Municipalidad de Punta Arenas, los equipos t\u00e9cnicos, jur\u00eddicos y directivos de ambas instituciones abordaron la situaci\u00f3n de los equinos que circulan en la v\u00eda p\u00fablica, instancia que posibilit\u00f3 acercar posiciones y coordinar esfuerzos tendientes a enfrentar colaborativamente la situaci\u00f3n.<\/p>\n\n\n\n<p>El principal acuerdo logrado tras la reuni\u00f3n tiene relaci\u00f3n con el escenario epidemiol\u00f3gico que enfrenta el pa\u00eds ante la presencia de Anemia Infecciosa Equina (AIE), enfermedad viral grave, que no tiene cura, vacuna, ni tratamiento, y que, si bien a\u00fan no est\u00e1 presente en Magallanes, recientemente present\u00f3 casos positivos en la vecina regi\u00f3n de Ays\u00e9n. En este sentido, SAG Magallanes, mediante resoluci\u00f3n, establecer\u00e1 la obligatoriedad de identificaci\u00f3n de caballares mediante la instalaci\u00f3n de microchip, gesti\u00f3n que fortalecer\u00e1 las acciones de vigilancia y control que el Servicio lidera en materias de sanidad animal, y posibilitar\u00e1 reforzar el trabajo de identificaci\u00f3n llevado a cabo por el municipio en el \u00e1mbito del registro y control de la propiedad de los animales. Esta medida preventiva que considera la toma de muestras de sangre para descartar la presencia de la enfermedad, refuerza el trabajo permanente que realizan los equipos en pos del resguardo de la condici\u00f3n sanitaria regional.<\/p>\n\n\n\n<p>Una segunda acci\u00f3n contempla fiscalizaciones y visitas conjuntas a los predios identificados en el cord\u00f3n periurbano de Punta Arenas, acci\u00f3n que consolidar\u00e1 la aplicaci\u00f3n de la normativa vigente, tanto en materias de competencia propia del SAG, como es el cumplimiento de la Declaraci\u00f3n de Existencia Animal (DEA) y el uso del Formulario de Movimiento Animal (FMA), y en lo relacionado a otros cuerpos legales como la correcta mantenci\u00f3n de cercos y cierres perimetrales, entre otros.<\/p>\n\n\n\n<p>El encuentro permiti\u00f3 relevar la necesidad de conformar una mesa de trabajo interinstitucional que agilice las acciones frente a la problem\u00e1tica de los caballares en la v\u00eda p\u00fablica. Esta instancia busca articular la cooperaci\u00f3n de los distintos organismos del Estado con competencia en la materia, de modo que cada instituci\u00f3n aporte, desde sus atribuciones, a una soluci\u00f3n integral. En este marco, tanto SAG como el municipio presentaron a la Seremi de Agricultura un listado de servicios que debieran integrar la mesa, los cuales ser\u00e1n convocados a participar de manera peri\u00f3dica en este espacio de coordinaci\u00f3n.<\/p>\n\n\n\n<p>Cabe se\u00f1alar que la presencia de animales mayores en la v\u00eda p\u00fablica constituye un fen\u00f3meno de larga data en Punta Arenas, que hasta ahora no ha encontrado una soluci\u00f3n definitiva. No obstante, con las acciones propuestas y la coordinaci\u00f3n interinstitucional que se est\u00e1 impulsando, se busca avanzar en medidas concretas que permitan disminuir progresivamente el libre deambular de estos animales en las calles de la ciudad.<\/p>\n\n\n\n<p>El encuentro cont\u00f3 con la participaci\u00f3n del subdirector de gesti\u00f3n t\u00e9cnica del SAG, Rodrigo Sotomayor, el jefe de la divisi\u00f3n de protecci\u00f3n pecuaria Carlos Orellana y una representante de la unidad jur\u00eddica de SAG Central, quienes, adem\u00e1s de respaldar la gesti\u00f3n realizada por la direcci\u00f3n regional de Magallanes, aportaron la experiencia adquirida en situaciones similares a nivel nacional y contribuyeron a actualizar la aplicaci\u00f3n de la normativa, desde una perspectiva que permita resguardar tanto la sanidad animal como la seguridad ciudadana en la regi\u00f3n.<\/p>\n","protected":false},"excerpt":{"rendered":"<p>En&nbsp;el marco de una reuni\u00f3n de trabajo sostenida entre el Servicio Agr\u00edcola y Ganadero de Magallanes y la Municipalidad de Punta Arenas, los equipos t\u00e9cnicos, jur\u00eddicos y directivos de ambas&#8230; <a class=\"read-more\" href=\"https:\/\/www.radiopresidenteibanez.cl\/web\/sag-magallanes-y-municipalidad-de-punta-arenas-avanzan-en-trabajo-conjunto-por-la-problematica-de-equinos-en-la-via-publica\/\">Leer m\u00e1s<\/a><\/p>\n","protected":false},"author":2,"featured_media":58623,"comment_status":"closed","ping_status":"closed","sticky":false,"template":"","format":"standard","meta":{"footnotes":""},"categories":[1],"tags":[],"class_list":["post-58622","post","type-post","status-publish","format-standard","has-post-thumbnail","hentry","category-cronica"],"_links":{"self":[{"href":"https:\/\/www.radiopresidenteibanez.cl\/web\/wp-json\/wp\/v2\/posts\/58622","targetHints":{"allow":["GET"]}}],"collection":[{"href":"https:\/\/www.radiopresidenteibanez.cl\/web\/wp-json\/wp\/v2\/posts"}],"about":[{"href":"https:\/\/www.radiopresidenteibanez.cl\/web\/wp-json\/wp\/v2\/types\/post"}],"author":[{"embeddable":true,"href":"https:\/\/www.radiopresidenteibanez.cl\/web\/wp-json\/wp\/v2\/users\/2"}],"replies":[{"embeddable":true,"href":"https:\/\/www.radiopresidenteibanez.cl\/web\/wp-json\/wp\/v2\/comments?post=58622"}],"version-history":[{"count":0,"href":"https:\/\/www.radiopresidenteibanez.cl\/web\/wp-json\/wp\/v2\/posts\/58622\/revisions"}],"wp:featuredmedia":[{"embeddable":true,"href":"https:\/\/www.radiopresidenteibanez.cl\/web\/wp-json\/wp\/v2\/media\/58623"}],"wp:attachment":[{"href":"https:\/\/www.radiopresidenteibanez.cl\/web\/wp-json\/wp\/v2\/media?parent=58622"}],"wp:term":[{"taxonomy":"category","embeddable":true,"href":"https:\/\/www.radiopresidenteibanez.cl\/web\/wp-json\/wp\/v2\/categories?post=58622"},{"taxonomy":"post_tag","embeddable":true,"href":"https:\/\/www.radiopresidenteibanez.cl\/web\/wp-json\/wp\/v2\/tags?post=58622"}],"curies":[{"name":"wp","href":"https:\/\/api.w.org\/{rel}","templated":true}]}}