{"id":58619,"date":"2025-09-02T11:52:00","date_gmt":"2025-09-02T14:52:00","guid":{"rendered":"https:\/\/www.radiopresidenteibanez.cl\/web\/?p=58619"},"modified":"2025-09-02T11:03:27","modified_gmt":"2025-09-02T14:03:27","slug":"conversatorio-itinerante-dano-transgeneracional-y-sitios-de-memoria-se-traslada-a-punta-arenas","status":"publish","type":"post","link":"https:\/\/www.radiopresidenteibanez.cl\/web\/conversatorio-itinerante-dano-transgeneracional-y-sitios-de-memoria-se-traslada-a-punta-arenas\/","title":{"rendered":"Conversatorio Itinerante \u201cDa\u00f1o transgeneracional y sitios de memoria\u201d se traslada a Punta Arenas"},"content":{"rendered":"\n<p>Este mi\u00e9rcoles 03 de septiembre prosigue la itinerancia del Conversatorio \u201cDa\u00f1o Transgeneracional y Sitios de Memoria\u201d, de la agrupaci\u00f3n Hij@s y Niet@s por la Memoria, que se enmarca en la Iniciativa Estrat\u00e9gica Regional de la Unidad Cultura, Memoria y Derechos Humanos del Ministerio de las Culturas, las Artes y el Patrimonio. La instancia se llevar\u00e1 a cabo desde las 08.30 horas en el sal\u00f3n Gabriela Mistral, en alianza con la Coordinaci\u00f3n de Participaci\u00f3n y Formaci\u00f3n Ciudadana de la Secretar\u00eda Regional Ministerial de Educaci\u00f3n, como parte de la jornada \u201cLa memoria tambi\u00e9n se pinta\u201d, que vincula memorias y derechos humanos con expresiones art\u00edsticas.<\/p>\n\n\n\n<p>En el marco de la actividad, que convoca a estudiantes de s\u00e9ptimo y octavo de Ense\u00f1anza B\u00e1sica y de todos los niveles de Ense\u00f1anza Media de establecimientos educacionales de Punta Arenas, se realizar\u00e1 el visionado de un fragmento de la serie documental \u201cHijos\/as y nietos\/as de la dictadura\u201d, para luego dar paso a un conversatorio sobre da\u00f1o transgeneracional experimentado por descendientes de ex presos y ex presas pol\u00edticas que transitaron por los sitios de memoria de la Regi\u00f3n de Magallanes y de la Ant\u00e1rtica Chilena durante la dictadura civil militar. Posteriormente y, tras haber culminado el primer bloque, las y los estudiantes se concentrar\u00e1n en un trabajo creativo, guiado por la Coordinaci\u00f3n de Participaci\u00f3n y Formaci\u00f3n Ciudadana.<\/p>\n\n\n\n<p>El Informe Valech del a\u00f1o 2010 establece que para ahondar el aprendizaje colectivo y la calidad democr\u00e1tica de nuestro pa\u00eds es necesario declarar \u201clos principales centros de tortura como monumentos nacionales y la creaci\u00f3n de memoriales y sitios recordatorios de las v\u00edctimas de violaciones a los derechos humanos y violencia pol\u00edtica\u201d. En esa l\u00ednea, la Agrupaci\u00f3n Hij@s y Niet@s por la Memoria, ha dedicado gran parte de su trayectoria a la recolecci\u00f3n de testimonios que giran en torno a dichos sitios de memoria, desde las v\u00edctimas que pasaron por ellos hasta la transmisi\u00f3n del da\u00f1o a sus descendientes. Un ejemplo de aquello est\u00e1 dado por la&nbsp;<a href=\"https:\/\/www.cultura.gob.cl\/publicaciones\/cartografia-sitios-de-memoria-region-de-magallanes\/\" target=\"_blank\" rel=\"noreferrer noopener\">Cartograf\u00eda Sitios de Memoria Magallanes<\/a>&nbsp;publicada el a\u00f1o 2020, en el marco de la Iniciativa Estrat\u00e9gica Regional de la Unidad Cultura, Memoria y Derechos Humanos del Ministerio de las Culturas, las Artes y el Patrimonio.&nbsp;<\/p>\n\n\n\n<p><strong>Memorias de una hija de la dictadura<\/strong><\/p>\n\n\n\n<p>El a\u00f1o 2023, se realiz\u00f3 la primera temporada de la serie documental Hij@s y Niet@s de la Dictadura, con financiamiento del Fondo de Fomento de Medios de Comunicaci\u00f3n Social del<\/p>\n\n\n\n<p>Ministerio Secretar\u00eda General de Gobierno, que cont\u00f3 con ocho cap\u00edtulos, dando espacio para desenvolver las memorias de ocho descendientes de v\u00edctimas que transitaron por sitios de memoria de nuestra regi\u00f3n. En tanto que, el a\u00f1o 2024, mediante la Iniciativa Estrat\u00e9gica Regional de la Unidad Cultura, Memoria y Derechos Humanos, se realiz\u00f3 la segunda temporada de la serie, que consisti\u00f3 en la realizaci\u00f3n de tres nuevos episodios.<\/p>\n\n\n\n<p>Claudia Eterovic D\u00edaz, hija de Dalivor Eterovic Kuzmanic, ex preso pol\u00edtico asociado al sitio de memoria Isla Dawson, es una de las personas entrevistadas de la primera temporada. En su relato, se\u00f1ala: \u201cCuando uno lee la historia y sobre todo cuando escucha los testimonios de las mujeres que fueron vulneradas en sus derechos humanos durante la prisi\u00f3n pol\u00edtica, se da cuenta que se utilizaron los mismos mecanismos de un estado de guerra. El tema de la violencia de g\u00e9nero y la cultura de la violaci\u00f3n estuvo presente en los procesos de interrogaci\u00f3n, en esos tiempos de prisi\u00f3n y tortura. Pienso que eso estuvo presente, porque es la l\u00f3gica de la guerra\u201d. Asimismo, argumenta que el hecho de reducir y tratar de quebrar a las personas, a trav\u00e9s de su fragilidad y su esencia humana fue una estrategia frecuentemente utilizada contra las mujeres y no solamente con ellas, tambi\u00e9n con los hombres.&nbsp;<\/p>\n\n\n\n<p>En otro pasaje de la entrevista, recuerda el tiempo de detenci\u00f3n de su padre, cuando ella apenas cursaba la Educaci\u00f3n Parvularia. \u201cPara m\u00ed fueron seis meses en que mi padre estaba de viaje, esa era la respuesta que nos daba mi mam\u00e1. Esa navidad hab\u00eda muy pocos regalos y yo no entend\u00eda bien por qu\u00e9 no hab\u00eda los regalos que hab\u00edamos pedido y ahora entiendo la postura de mi madre, su angustia, su preocupaci\u00f3n, la gran demanda que significaba tener a estos ni\u00f1os y tener que protegernos de todo esto que estaba ocurriendo, adem\u00e1s de no saber bien d\u00f3nde estaba mi padre, de tener poco acceso a verlo\u201d, recuerda Claudia, explicando que inclusive cuando lo trasladaron a Isla Dawson no hab\u00edan muchas posibilidades de enviar encomiendas, a excepci\u00f3n de algunas cartas que eran censuradas.&nbsp;<\/p>\n","protected":false},"excerpt":{"rendered":"<p>Este mi\u00e9rcoles 03 de septiembre prosigue la itinerancia del Conversatorio \u201cDa\u00f1o Transgeneracional y Sitios de Memoria\u201d, de la agrupaci\u00f3n Hij@s y Niet@s por la Memoria, que se enmarca en la&#8230; <a class=\"read-more\" href=\"https:\/\/www.radiopresidenteibanez.cl\/web\/conversatorio-itinerante-dano-transgeneracional-y-sitios-de-memoria-se-traslada-a-punta-arenas\/\">Leer m\u00e1s<\/a><\/p>\n","protected":false},"author":2,"featured_media":58620,"comment_status":"closed","ping_status":"closed","sticky":false,"template":"","format":"standard","meta":{"footnotes":""},"categories":[1],"tags":[],"class_list":["post-58619","post","type-post","status-publish","format-standard","has-post-thumbnail","hentry","category-cronica"],"_links":{"self":[{"href":"https:\/\/www.radiopresidenteibanez.cl\/web\/wp-json\/wp\/v2\/posts\/58619","targetHints":{"allow":["GET"]}}],"collection":[{"href":"https:\/\/www.radiopresidenteibanez.cl\/web\/wp-json\/wp\/v2\/posts"}],"about":[{"href":"https:\/\/www.radiopresidenteibanez.cl\/web\/wp-json\/wp\/v2\/types\/post"}],"author":[{"embeddable":true,"href":"https:\/\/www.radiopresidenteibanez.cl\/web\/wp-json\/wp\/v2\/users\/2"}],"replies":[{"embeddable":true,"href":"https:\/\/www.radiopresidenteibanez.cl\/web\/wp-json\/wp\/v2\/comments?post=58619"}],"version-history":[{"count":0,"href":"https:\/\/www.radiopresidenteibanez.cl\/web\/wp-json\/wp\/v2\/posts\/58619\/revisions"}],"wp:featuredmedia":[{"embeddable":true,"href":"https:\/\/www.radiopresidenteibanez.cl\/web\/wp-json\/wp\/v2\/media\/58620"}],"wp:attachment":[{"href":"https:\/\/www.radiopresidenteibanez.cl\/web\/wp-json\/wp\/v2\/media?parent=58619"}],"wp:term":[{"taxonomy":"category","embeddable":true,"href":"https:\/\/www.radiopresidenteibanez.cl\/web\/wp-json\/wp\/v2\/categories?post=58619"},{"taxonomy":"post_tag","embeddable":true,"href":"https:\/\/www.radiopresidenteibanez.cl\/web\/wp-json\/wp\/v2\/tags?post=58619"}],"curies":[{"name":"wp","href":"https:\/\/api.w.org\/{rel}","templated":true}]}}