{"id":58615,"date":"2025-09-02T10:49:20","date_gmt":"2025-09-02T13:49:20","guid":{"rendered":"https:\/\/www.radiopresidenteibanez.cl\/web\/?p=58615"},"modified":"2025-09-02T10:50:16","modified_gmt":"2025-09-02T13:50:16","slug":"alejandro-goic-karmelic-vive-en-cristo","status":"publish","type":"post","link":"https:\/\/www.radiopresidenteibanez.cl\/web\/alejandro-goic-karmelic-vive-en-cristo\/","title":{"rendered":"Alejandro Goic Karmelic \u00a1Vive en Cristo!"},"content":{"rendered":"\n<p>Lunes 01 de septiembre ha partido a la casa del Padre Dios el querido padre<br>obispo Alejandro Goic Karmelic en quien, como fiel disc\u00edpulo de Jesucristo y de su<br>Evangelio, reconocemos al pastor que \u201cPas\u00f3 haciendo el bien\u201d (Hech 10,38) en<br>Magallanes, Concepci\u00f3n, Talca, Osorno y Rancagua, y en su servicio a toda la<br>Iglesia chilena. Como pastor y desde su identidad cristiana, tuvo una relaci\u00f3n<br>c\u00e1lida y directa con muchas personas, creyentes y no creyentes, hermanados<br>todos en el ideal de un mundo mejor.<br>Damos gracias al Se\u00f1or por su testimonio luminoso y, bajo el lema \u201cCristo es mi<br>Vida\u201d con el que quiso realizar su ministerio, al final de la vida pudo decir delante<br>del Se\u00f1or, \u201che peleado la buena batalla, he llegado a la meta en la carrera, he<br>conservado la fe. Y desde ahora me aguarda la corona de justicia que el Se\u00f1or, el<br>juez justo me entregar\u00e1, no s\u00f3lo a m\u00ed, sino tambi\u00e9n a todos lo que aman\u201d (2Tim<br>4,7-8).<br>Como Iglesia de Magallanes, oramos al Se\u00f1or por el hijo de esta tierra que se ha<br>encontrado con el Se\u00f1or. Invitamos a las comunidades a hacer memoria<br>agradecida en la eucarist\u00eda diocesana en la Catedral de Punta Arenas el viernes 5<br>de septiembre a las 19.00 hrs.<br>En el a\u00f1o del jubileo de la esperanza, agradecemos por quien nos grito con su<br>vida que la esperanza tiene un nombre: \u00a1Jesucristo!<\/p>\n","protected":false},"excerpt":{"rendered":"<p>Lunes 01 de septiembre ha partido a la casa del Padre Dios el querido padreobispo Alejandro Goic Karmelic en quien, como fiel disc\u00edpulo de Jesucristo y de suEvangelio, reconocemos al&#8230; <a class=\"read-more\" href=\"https:\/\/www.radiopresidenteibanez.cl\/web\/alejandro-goic-karmelic-vive-en-cristo\/\">Leer m\u00e1s<\/a><\/p>\n","protected":false},"author":2,"featured_media":58616,"comment_status":"closed","ping_status":"closed","sticky":false,"template":"","format":"standard","meta":{"footnotes":""},"categories":[1],"tags":[],"class_list":["post-58615","post","type-post","status-publish","format-standard","has-post-thumbnail","hentry","category-cronica"],"_links":{"self":[{"href":"https:\/\/www.radiopresidenteibanez.cl\/web\/wp-json\/wp\/v2\/posts\/58615","targetHints":{"allow":["GET"]}}],"collection":[{"href":"https:\/\/www.radiopresidenteibanez.cl\/web\/wp-json\/wp\/v2\/posts"}],"about":[{"href":"https:\/\/www.radiopresidenteibanez.cl\/web\/wp-json\/wp\/v2\/types\/post"}],"author":[{"embeddable":true,"href":"https:\/\/www.radiopresidenteibanez.cl\/web\/wp-json\/wp\/v2\/users\/2"}],"replies":[{"embeddable":true,"href":"https:\/\/www.radiopresidenteibanez.cl\/web\/wp-json\/wp\/v2\/comments?post=58615"}],"version-history":[{"count":0,"href":"https:\/\/www.radiopresidenteibanez.cl\/web\/wp-json\/wp\/v2\/posts\/58615\/revisions"}],"wp:featuredmedia":[{"embeddable":true,"href":"https:\/\/www.radiopresidenteibanez.cl\/web\/wp-json\/wp\/v2\/media\/58616"}],"wp:attachment":[{"href":"https:\/\/www.radiopresidenteibanez.cl\/web\/wp-json\/wp\/v2\/media?parent=58615"}],"wp:term":[{"taxonomy":"category","embeddable":true,"href":"https:\/\/www.radiopresidenteibanez.cl\/web\/wp-json\/wp\/v2\/categories?post=58615"},{"taxonomy":"post_tag","embeddable":true,"href":"https:\/\/www.radiopresidenteibanez.cl\/web\/wp-json\/wp\/v2\/tags?post=58615"}],"curies":[{"name":"wp","href":"https:\/\/api.w.org\/{rel}","templated":true}]}}