{"id":58612,"date":"2025-09-02T08:57:00","date_gmt":"2025-09-02T11:57:00","guid":{"rendered":"https:\/\/www.radiopresidenteibanez.cl\/web\/?p=58612"},"modified":"2025-09-02T08:36:02","modified_gmt":"2025-09-02T11:36:02","slug":"boletin-informativo-orbe-68","status":"publish","type":"post","link":"https:\/\/www.radiopresidenteibanez.cl\/web\/boletin-informativo-orbe-68\/","title":{"rendered":"BOLETIN INFORMATIVO ORBE"},"content":{"rendered":"\n<p>SANTIAGO.- El Servicio Electoral, Servel, acept\u00f3 las<br>candidaturas a diputado del exalcalde Daniel Jadue y del<br>diputado Miguel \u00c1ngel Calisto, pese a los procesos judiciales<br>que enfrentan. Esto, porque la fiscal\u00eda pide para Jadue 18<br>a\u00f1os de c\u00e1rcel en el caso farmacias populares. En tanto,<br>Calisto, actual parlamentario de Dem\u00f3cratas, buscar\u00e1 la<br>relecci\u00f3n en la lista de la Federaci\u00f3n Regionalista Verde<br>Social tras ser vetado en la de Chile Vamos debido a su causa<br>por fraude al fisco.<\/p>\n\n\n\n<p>SANTIAGO.- El Servel tambi\u00e9n dio luz verde a la candidatura<br>de Ximena Rinc\u00f3n, timonel de Dem\u00f3cratas, pese a que se hab\u00eda<br>advertido, en su caso, una posible vulneraci\u00f3n a la ley que<br>limita las reelecciones. Adem\u00e1s, la entidad rechaz\u00f3 45<br>candidaturas, entre ellas la de las diputadas Carolina Tello,<br>del Frente Amplio, \u00abpor problemas con su declaraci\u00f3n jurada\u00bb,<br>y Mar\u00eda Candelaria Acevedo, PC, \u00abpor no firmar su declaraci\u00f3n<br>jurada\u00bb, consign\u00f3 La Segunda.<\/p>\n\n\n\n<p>SANTIAGO.-El Presidente Gabriel Boric hizo una inesperada<br>aparici\u00f3n en la vocer\u00eda en La Moneda, donde destac\u00f3 la<br>implementaci\u00f3n de la reforma previsional en medio de las<br>cr\u00edticas de su Gobierno a la controvertida propuesta<br>presidencial del candidato republicano, Jos\u00e9 Antonio Kast, de<br>eliminar el pr\u00e9stamo solidario. En esa l\u00ednea, Boric record\u00f3<br>que, a partir de este martes, la Pensi\u00f3n Garantizada<br>Universal, PGU, subir\u00e1 a 250 mil pesos para las personas de<br>82 a\u00f1os o m\u00e1s, como se acord\u00f3 en la reforma de pensiones.<\/p>\n\n\n\n<p>SANTIAGO.- El mandatario rememor\u00f3 que la reforma \u00abcost\u00f3 m\u00e1s<br>de una d\u00e9cada\u00bb que saliera adelante: Varios gobiernos<br>trataron y no hab\u00eda acuerdo\u00bb. \u00abCon buena pol\u00edtica y con<br>acuerdos transversales, donde hubo gente de distintas<br>posturas que se atrevi\u00f3 a no tener el 100 por ciento de lo<br>quer\u00eda, se lleg\u00f3 a un punto de encuentro, pensando en los<br>chilenos y chilenas que lo necesitan. Esa es la buena<br>pol\u00edtica: independientemente de las diferencias que tengamos<br>quienes estemos en ella, trabajamos para mejorar la vida de<br>quienes est\u00e1n en su casa\u00bb, destac\u00f3.<\/p>\n\n\n\n<p>SANTIAGO.- La excandidata presidencial Carolina Toh\u00e1, PPD,<br>particip\u00f3 de un encuentro sobre desaf\u00edos de la participaci\u00f3n<br>femenina en pol\u00edtica. La actividad cont\u00f3 con las candidatas<br>parlamentarias Viviana Delgado, Marcela Hevia Cubillos,<br>Josefa Balmaceda, Carolina Mart\u00ednez, Nataly Oyarzo y M\u00f3nica<br>Valencia.<\/p>\n\n\n\n<p>SANTIAGO.- En la instancia, Toh\u00e1 comparti\u00f3 ante las<br>asistentes su experiencia como mujer en la arena pol\u00edtica,<br>ofreciendo consejos desde los diversos roles que ha<br>desempe\u00f1ado, incluyendo alcaldesa, ministra y candidata<br>presidencial. Adem\u00e1s, lanz\u00f3 una advertencia sobre el avance<br>de la derecha e inst\u00f3 a defender los derechos conquistados en<br>las \u00faltimas d\u00e9cadas y enfatiz\u00f3 la necesidad de unirse detr\u00e1s<br>de Jara, reconociendo su liderazgo femenino en este momento<br>crucial, consign\u00f3 La Tercera.<\/p>\n","protected":false},"excerpt":{"rendered":"<p>SANTIAGO.- El Servicio Electoral, Servel, acept\u00f3 lascandidaturas a diputado del exalcalde Daniel Jadue y deldiputado Miguel \u00c1ngel Calisto, pese a los procesos judicialesque enfrentan. Esto, porque la fiscal\u00eda pide para&#8230; <a class=\"read-more\" href=\"https:\/\/www.radiopresidenteibanez.cl\/web\/boletin-informativo-orbe-68\/\">Leer m\u00e1s<\/a><\/p>\n","protected":false},"author":2,"featured_media":58613,"comment_status":"closed","ping_status":"closed","sticky":false,"template":"","format":"standard","meta":{"footnotes":""},"categories":[1],"tags":[],"class_list":["post-58612","post","type-post","status-publish","format-standard","has-post-thumbnail","hentry","category-cronica"],"_links":{"self":[{"href":"https:\/\/www.radiopresidenteibanez.cl\/web\/wp-json\/wp\/v2\/posts\/58612","targetHints":{"allow":["GET"]}}],"collection":[{"href":"https:\/\/www.radiopresidenteibanez.cl\/web\/wp-json\/wp\/v2\/posts"}],"about":[{"href":"https:\/\/www.radiopresidenteibanez.cl\/web\/wp-json\/wp\/v2\/types\/post"}],"author":[{"embeddable":true,"href":"https:\/\/www.radiopresidenteibanez.cl\/web\/wp-json\/wp\/v2\/users\/2"}],"replies":[{"embeddable":true,"href":"https:\/\/www.radiopresidenteibanez.cl\/web\/wp-json\/wp\/v2\/comments?post=58612"}],"version-history":[{"count":0,"href":"https:\/\/www.radiopresidenteibanez.cl\/web\/wp-json\/wp\/v2\/posts\/58612\/revisions"}],"wp:featuredmedia":[{"embeddable":true,"href":"https:\/\/www.radiopresidenteibanez.cl\/web\/wp-json\/wp\/v2\/media\/58613"}],"wp:attachment":[{"href":"https:\/\/www.radiopresidenteibanez.cl\/web\/wp-json\/wp\/v2\/media?parent=58612"}],"wp:term":[{"taxonomy":"category","embeddable":true,"href":"https:\/\/www.radiopresidenteibanez.cl\/web\/wp-json\/wp\/v2\/categories?post=58612"},{"taxonomy":"post_tag","embeddable":true,"href":"https:\/\/www.radiopresidenteibanez.cl\/web\/wp-json\/wp\/v2\/tags?post=58612"}],"curies":[{"name":"wp","href":"https:\/\/api.w.org\/{rel}","templated":true}]}}