{"id":58608,"date":"2025-09-02T08:15:10","date_gmt":"2025-09-02T11:15:10","guid":{"rendered":"https:\/\/www.radiopresidenteibanez.cl\/web\/?p=58608"},"modified":"2025-09-02T08:20:42","modified_gmt":"2025-09-02T11:20:42","slug":"puerto-natales-recibe-un-nuevo-impulso-en-salud-core-aprueba-reposicion-de-equipos-medicos-para-el-hospital-dr-essmann","status":"publish","type":"post","link":"https:\/\/www.radiopresidenteibanez.cl\/web\/puerto-natales-recibe-un-nuevo-impulso-en-salud-core-aprueba-reposicion-de-equipos-medicos-para-el-hospital-dr-essmann\/","title":{"rendered":"Puerto Natales recibe un nuevo impulso en salud: CORE aprueba reposici\u00f3n de equipos m\u00e9dicos para el Hospital Dr. Essmann"},"content":{"rendered":"\n<p>En Puerto Natales, la salud, dio hoy un paso adelante. El Consejo Regional aprob\u00f3<br>la reposici\u00f3n de equipos m\u00e9dicos cr\u00edticos para el Hospital Dr. Augusto Essmann, una inversi\u00f3n de<br>m\u00e1s de M$745 millones que permitir\u00e1 renovar; 1Rx port\u00e1til, 1 ec\u00f3grafo multiprop\u00f3sito, 1<br>ec\u00f3grafo para pabell\u00f3n, 1 M\u00e1quina de Anestesia, 2 Monitores Desfibriladores, 1 Motor de<br>Traumatolog\u00eda Grandes Fragmentos, 3 Ventiladores Mec\u00e1nicos y 5 M\u00e1quinas de Di\u00e1lisis.<br>No solo se tratar\u00e1 de nuevos equipos, sino de dar un salto en la calidad de la atenci\u00f3n. El Hospital<br>Dr. Augusto Essmann, que atiende a m\u00e1s de 25 mil habitantes de la provincia de \u00daltima Esperanza,<br>contar\u00e1 con tecnolog\u00eda moderna que permitir\u00e1 diagn\u00f3sticos m\u00e1s precisos y tratamientos<br>oportunos para su comunidad.<br>El Consejero Max Salas apoy\u00f3 la iniciativa y se refiri\u00f3 a la importancia de las nuevas m\u00e1quinas de<br>di\u00e1lisis; \u201cdan estabilidad al sistema y m\u00e1s seguridad a los pacientes\u201d. En tanto, la Consejera<br>Ximena Monta\u00f1a destac\u00f3: \u201cevitamos traslados innecesarios a Punta Arenas y aseguramos<br>diagn\u00f3sticos m\u00e1s r\u00e1pidos y de calidad\u201d.<br>Por su parte, el Consejero Patricio Gam\u00edn valor\u00f3 el beneficio para los usuarios, aunque reconoci\u00f3<br>que \u201chubiese sido ideal renovar las diez m\u00e1quinas de di\u00e1lisis existentes, pero lo aprobado asegura<br>equipos modernos que mejorar\u00e1n la atenci\u00f3n en Natales\u201d.<br>Con la reposici\u00f3n de equipos, los pacientes podr\u00e1n acceder a tratamientos seguros y oportunos,<br>con un hospital mejor equipado para responder en situaciones cr\u00edticas.<\/p>\n","protected":false},"excerpt":{"rendered":"<p>En Puerto Natales, la salud, dio hoy un paso adelante. El Consejo Regional aprob\u00f3la reposici\u00f3n de equipos m\u00e9dicos cr\u00edticos para el Hospital Dr. Augusto Essmann, una inversi\u00f3n dem\u00e1s de M$745&#8230; <a class=\"read-more\" href=\"https:\/\/www.radiopresidenteibanez.cl\/web\/puerto-natales-recibe-un-nuevo-impulso-en-salud-core-aprueba-reposicion-de-equipos-medicos-para-el-hospital-dr-essmann\/\">Leer m\u00e1s<\/a><\/p>\n","protected":false},"author":2,"featured_media":58609,"comment_status":"closed","ping_status":"closed","sticky":false,"template":"","format":"standard","meta":{"footnotes":""},"categories":[1],"tags":[],"class_list":["post-58608","post","type-post","status-publish","format-standard","has-post-thumbnail","hentry","category-cronica"],"_links":{"self":[{"href":"https:\/\/www.radiopresidenteibanez.cl\/web\/wp-json\/wp\/v2\/posts\/58608","targetHints":{"allow":["GET"]}}],"collection":[{"href":"https:\/\/www.radiopresidenteibanez.cl\/web\/wp-json\/wp\/v2\/posts"}],"about":[{"href":"https:\/\/www.radiopresidenteibanez.cl\/web\/wp-json\/wp\/v2\/types\/post"}],"author":[{"embeddable":true,"href":"https:\/\/www.radiopresidenteibanez.cl\/web\/wp-json\/wp\/v2\/users\/2"}],"replies":[{"embeddable":true,"href":"https:\/\/www.radiopresidenteibanez.cl\/web\/wp-json\/wp\/v2\/comments?post=58608"}],"version-history":[{"count":0,"href":"https:\/\/www.radiopresidenteibanez.cl\/web\/wp-json\/wp\/v2\/posts\/58608\/revisions"}],"wp:featuredmedia":[{"embeddable":true,"href":"https:\/\/www.radiopresidenteibanez.cl\/web\/wp-json\/wp\/v2\/media\/58609"}],"wp:attachment":[{"href":"https:\/\/www.radiopresidenteibanez.cl\/web\/wp-json\/wp\/v2\/media?parent=58608"}],"wp:term":[{"taxonomy":"category","embeddable":true,"href":"https:\/\/www.radiopresidenteibanez.cl\/web\/wp-json\/wp\/v2\/categories?post=58608"},{"taxonomy":"post_tag","embeddable":true,"href":"https:\/\/www.radiopresidenteibanez.cl\/web\/wp-json\/wp\/v2\/tags?post=58608"}],"curies":[{"name":"wp","href":"https:\/\/api.w.org\/{rel}","templated":true}]}}