{"id":58604,"date":"2025-09-01T14:04:11","date_gmt":"2025-09-01T17:04:11","guid":{"rendered":"https:\/\/www.radiopresidenteibanez.cl\/web\/?p=58604"},"modified":"2025-09-01T14:04:39","modified_gmt":"2025-09-01T17:04:39","slug":"fallecio-monsenor-alejandro-goic-karmelic-obispo-emerito-de-rancagua","status":"publish","type":"post","link":"https:\/\/www.radiopresidenteibanez.cl\/web\/fallecio-monsenor-alejandro-goic-karmelic-obispo-emerito-de-rancagua\/","title":{"rendered":"FALLECIO MONSE\u00d1OR ALEJANDRO GOIC KARMELIC OBISPO EMERITO DE RANCAGUA"},"content":{"rendered":"\n<p>Tras unos dias hospitalizado pasado el medio dia de este lunes 01 de Septiembre fallecio quien fuera Obispo de Punta Arenas.<\/p>\n\n\n\n<p> Alejandro Goi\u0107 fue ordenado sacerdote el 12 de marzo de 1966 en&nbsp;<a href=\"https:\/\/es.wikipedia.org\/wiki\/Punta_Arenas\">Punta Arenas<\/a>, por quien fuera una de las personas que lo motiv\u00f3 a seguir la carrera sacerdotal, el obispo diocesano, monse\u00f1or&nbsp;<a href=\"https:\/\/es.wikipedia.org\/w\/index.php?title=Vladimiro_Bori%C4%87_Crnosija&amp;action=edit&amp;redlink=1\">Vladimiro Bori\u0107 Crnosija<\/a>.<sup><a href=\"https:\/\/es.wikipedia.org\/wiki\/Alejandro_Goi%C4%87_Karmeli%C4%87#cite_note-bio-2\">[2]<\/a><\/sup>\u200b Durante su estancia en la&nbsp;<a href=\"https:\/\/es.wikipedia.org\/wiki\/Di%C3%B3cesis_de_Punta_Arenas\">Di\u00f3cesis de Punta Arenas<\/a>&nbsp;fue&nbsp;<a href=\"https:\/\/es.wikipedia.org\/wiki\/P%C3%A1rroco\">p\u00e1rroco<\/a>&nbsp;de Nuestra Se\u00f1ora de F\u00e1tima y capell\u00e1n de la Penitenciar\u00eda de Punta Arenas hasta 1973.<\/p>\n\n\n\n<p>En marzo de 1973 fue nombrado&nbsp;<a href=\"https:\/\/es.wikipedia.org\/wiki\/Vicario\">vicario<\/a>&nbsp;general de&nbsp;<a href=\"https:\/\/es.wikipedia.org\/wiki\/Punta_Arenas\">Punta Arenas<\/a>&nbsp;por el obispo&nbsp;<a href=\"https:\/\/es.wikipedia.org\/wiki\/Vladimiro_Boric\">Vladimiro Boric<\/a>. A la muerte de monse\u00f1or Boric, el vicario general Goi\u0107 pas\u00f3 a desempe\u00f1ar el cargo de&nbsp;<a href=\"https:\/\/es.wikipedia.org\/wiki\/Vicario_capitular\">vicario capitular<\/a>, hasta que la&nbsp;<a href=\"https:\/\/es.wikipedia.org\/wiki\/Santa_Sede\">Santa Sede<\/a>&nbsp;nombrase un obispo. Este nombramiento recay\u00f3 en monse\u00f1or&nbsp;<a href=\"https:\/\/es.wikipedia.org\/wiki\/Tom%C3%A1s_Gonz%C3%A1lez\">Tom\u00e1s Gonz\u00e1lez<\/a>, continuando como vicario general hasta mayo de 1979. Durante aquellos a\u00f1os en que sirvi\u00f3 en la di\u00f3cesis magall\u00e1nica, Goi\u0107 particip\u00f3 en las gestiones que realiz\u00f3 la&nbsp;<a href=\"https:\/\/es.wikipedia.org\/wiki\/Iglesia_cat%C3%B3lica_en_Chile\">Iglesia cat\u00f3lica chilena<\/a>&nbsp;en conjunto con su par argentina para evitar un&nbsp;<a href=\"https:\/\/es.wikipedia.org\/wiki\/Conflicto_del_Beagle\">conflicto b\u00e9lico<\/a>&nbsp;en el a\u00f1o 1978, y que ser\u00eda resuelto por arbitraje papal.<\/p>\n","protected":false},"excerpt":{"rendered":"<p>Tras unos dias hospitalizado pasado el medio dia de este lunes 01 de Septiembre fallecio quien fuera Obispo de Punta Arenas. Alejandro Goi\u0107 fue ordenado sacerdote el 12 de marzo&#8230; <a class=\"read-more\" href=\"https:\/\/www.radiopresidenteibanez.cl\/web\/fallecio-monsenor-alejandro-goic-karmelic-obispo-emerito-de-rancagua\/\">Leer m\u00e1s<\/a><\/p>\n","protected":false},"author":2,"featured_media":58605,"comment_status":"closed","ping_status":"closed","sticky":false,"template":"","format":"standard","meta":{"footnotes":""},"categories":[1],"tags":[],"class_list":["post-58604","post","type-post","status-publish","format-standard","has-post-thumbnail","hentry","category-cronica"],"_links":{"self":[{"href":"https:\/\/www.radiopresidenteibanez.cl\/web\/wp-json\/wp\/v2\/posts\/58604","targetHints":{"allow":["GET"]}}],"collection":[{"href":"https:\/\/www.radiopresidenteibanez.cl\/web\/wp-json\/wp\/v2\/posts"}],"about":[{"href":"https:\/\/www.radiopresidenteibanez.cl\/web\/wp-json\/wp\/v2\/types\/post"}],"author":[{"embeddable":true,"href":"https:\/\/www.radiopresidenteibanez.cl\/web\/wp-json\/wp\/v2\/users\/2"}],"replies":[{"embeddable":true,"href":"https:\/\/www.radiopresidenteibanez.cl\/web\/wp-json\/wp\/v2\/comments?post=58604"}],"version-history":[{"count":0,"href":"https:\/\/www.radiopresidenteibanez.cl\/web\/wp-json\/wp\/v2\/posts\/58604\/revisions"}],"wp:featuredmedia":[{"embeddable":true,"href":"https:\/\/www.radiopresidenteibanez.cl\/web\/wp-json\/wp\/v2\/media\/58605"}],"wp:attachment":[{"href":"https:\/\/www.radiopresidenteibanez.cl\/web\/wp-json\/wp\/v2\/media?parent=58604"}],"wp:term":[{"taxonomy":"category","embeddable":true,"href":"https:\/\/www.radiopresidenteibanez.cl\/web\/wp-json\/wp\/v2\/categories?post=58604"},{"taxonomy":"post_tag","embeddable":true,"href":"https:\/\/www.radiopresidenteibanez.cl\/web\/wp-json\/wp\/v2\/tags?post=58604"}],"curies":[{"name":"wp","href":"https:\/\/api.w.org\/{rel}","templated":true}]}}