{"id":58601,"date":"2025-09-01T17:37:00","date_gmt":"2025-09-01T20:37:00","guid":{"rendered":"https:\/\/www.radiopresidenteibanez.cl\/web\/?p=58601"},"modified":"2025-09-01T13:40:23","modified_gmt":"2025-09-01T16:40:23","slug":"programa-quiero-mi-barrio-instala-nuevo-refugio-peatonal-en-villa-del-mar-etapa-ii","status":"publish","type":"post","link":"https:\/\/www.radiopresidenteibanez.cl\/web\/programa-quiero-mi-barrio-instala-nuevo-refugio-peatonal-en-villa-del-mar-etapa-ii\/","title":{"rendered":"Programa Quiero Mi Barrio instala nuevo refugio peatonal en Villa del Mar Etapa II"},"content":{"rendered":"\n<p>Una visita de avance a la denominada \u201cObra de Confianza\u201d del Programa Quiero Mi Barrio en el sector Villa del Mar Etapa II, de Punta Arenas, efectuaron este lunes las vecinas y vecinos junto al Seremi de Vivienda y Urbanismo, Marco Uribe Saldivia; el Seremi de Transportes y Telecomunicaciones, Alejandro Goich Barr\u00eda; el director de la Secretar\u00eda Comunal de Planificaci\u00f3n, Nicol\u00e1s P\u00e9rez-Montt Arana; la presidenta del Consejo Vecinal de Desarrollo, Roxana Gribbell Barrientos; representantes de la empresa Constructora D\u00edaz y equipos t\u00e9cnicos del programa barrial.<\/p>\n\n\n\n<p>\u201cEstamos contentos de poder estar presentes una vez m\u00e1s en Villa del Mar, en este caso, en la \u201cObra de confianza\u201d, que es aprobada por los vecinos y que demuestra mucho entusiasmo tambi\u00e9n de que se est\u00e9n haciendo cosas en el barrio, gracias al trabajo colaborativo que se realiza con el Ministerio de Vivienda y el municipio. Y aparte de eso, tambi\u00e9n destacar el trabajo social que se ha venido haciendo en el tiempo, que ya se refleja en cuatro murales que se han realizado y que consolida mucho m\u00e1s el tejido social por parte de las vecinas y vecinos del sector\u201d, destac\u00f3 el Seremi de Vivienda y Urbanismo, Marco Uribe Saldivia.<\/p>\n\n\n\n<p>El nuevo refugio peatonal, se sit\u00faa 65 metros hacia el sur, respecto de la parada actual, para optimizar su funcionalidad. Al respecto, la Presidenta del Consejo Vecinal de Desarrollo de Villa del Mar, etapa II, Roxana Gribbell Barrientos, valor\u00f3 la construcci\u00f3n de la obra de confianza como una contribuci\u00f3n directa a la comunidad que usa la locomoci\u00f3n colectiva \u201cLo principal, cierto, es evitar accidentes, ya que la gente se resbalaba, Entonces, esto ser\u00e1 algo m\u00e1s seguro para todos nuestros vecinos, es algo esperado porque, imag\u00ednense, reci\u00e9n estuvimos en la obra, y se apreciaba c\u00f3mo nos pegaba el viento. Imag\u00ednense, todos los d\u00edas el esperar la locomoci\u00f3n a la intemperie, obviamente que cualquier avance que sea para nuestra v\u00eda va a ser bienvenido\u201d.<\/p>\n\n\n\n<p>En relaci\u00f3n al avance de los trabajos, el director de la Secretar\u00eda Comunal de Planificaci\u00f3n Nicol\u00e1s P\u00e9rez-Montt Arana, inform\u00f3 \u201cActualmente el paradero est\u00e1 con un avance de entre el diez y el doce por ciento, que corresponde a las fundaciones. Este paradero va a contar con caracter\u00edsticas que lo ponen a nivel de otros paraderos de la comuna, va a contar con pantallas digitales que van a anunciar la llegada de los pr\u00f3ximos buses y tambi\u00e9n cuenta con una materialidad resistente a las condiciones clim\u00e1ticas que le facilitan la permanencia a los vecinos que est\u00e9n a la espera del transporte p\u00fablico\u201d.<\/p>\n\n\n\n<p>En cuanto a otras mejoras urbanas en el Barrio Villa del Mar, el Seremi Uribe destac\u00f3 los trabajos de pavimentaci\u00f3n participativa del Llamado N\u00b033, con una inversi\u00f3n superior a los 330 millones de pesos en las aceras de calles Oc\u00e9ano Pac\u00edfico, Mar de Chile y Juan Ladrilleros, adem\u00e1s de la pavimentaci\u00f3n de calzadas en las calles Mar del Coral y Mar de Nueva Guinea.<\/p>\n\n\n\n<p>\u201cHay una inversi\u00f3n importante por parte del Ministerio de Vivienda y Urbanismo con el trabajo colaborativo tanto de vecinas, vecinos y tambi\u00e9n del Municipio, para que vean mejorada la calidad de vida con la ejecuci\u00f3n de estos proyectos\u201d, puntualiz\u00f3 la autoridad.<\/p>\n\n\n\n<p><strong>Villa Loteo del Mar<\/strong><strong><\/strong><\/p>\n\n\n\n<p>El Barrio Loteo del Mar, cuenta con un total de 897 viviendas b\u00e1sicas, sociales y del Plan Especial de Trabajadores (PET), programas habitaciones que desarroll\u00f3 el Ministerio de Vivienda y Urbanismo entre los a\u00f1os 1997 y 2001, en 4 etapas.<\/p>\n\n\n\n<p>Para efectos de los requisitos del programa \u201cQuiero Mi Barrio\u201d se decidi\u00f3 postular una parte de ella, que se ha denominado Loteo del Mar Etapa II, delimitada al Norte por calle Oc\u00e9ano Pac\u00edfico; al Sur por Avenida Presidente Salvador Allende; al Poniente por Mar de Tasmania y Mar de Bering; y al Oriente por Avenida Circunvalaci\u00f3n Ram\u00f3n Ca\u00f1as Montalva. La etapa II, fue inaugurada el a\u00f1o 1997, con un total de 318 viviendas pareadas con corta fuego, de 43,79 mt2 construidos, y pertenecen en su mayor\u00eda al llamado Programa PET.<\/p>\n","protected":false},"excerpt":{"rendered":"<p>Una visita de avance a la denominada \u201cObra de Confianza\u201d del Programa Quiero Mi Barrio en el sector Villa del Mar Etapa II, de Punta Arenas, efectuaron este lunes las&#8230; <a class=\"read-more\" href=\"https:\/\/www.radiopresidenteibanez.cl\/web\/programa-quiero-mi-barrio-instala-nuevo-refugio-peatonal-en-villa-del-mar-etapa-ii\/\">Leer m\u00e1s<\/a><\/p>\n","protected":false},"author":2,"featured_media":58602,"comment_status":"closed","ping_status":"closed","sticky":false,"template":"","format":"standard","meta":{"footnotes":""},"categories":[1],"tags":[],"class_list":["post-58601","post","type-post","status-publish","format-standard","has-post-thumbnail","hentry","category-cronica"],"_links":{"self":[{"href":"https:\/\/www.radiopresidenteibanez.cl\/web\/wp-json\/wp\/v2\/posts\/58601","targetHints":{"allow":["GET"]}}],"collection":[{"href":"https:\/\/www.radiopresidenteibanez.cl\/web\/wp-json\/wp\/v2\/posts"}],"about":[{"href":"https:\/\/www.radiopresidenteibanez.cl\/web\/wp-json\/wp\/v2\/types\/post"}],"author":[{"embeddable":true,"href":"https:\/\/www.radiopresidenteibanez.cl\/web\/wp-json\/wp\/v2\/users\/2"}],"replies":[{"embeddable":true,"href":"https:\/\/www.radiopresidenteibanez.cl\/web\/wp-json\/wp\/v2\/comments?post=58601"}],"version-history":[{"count":0,"href":"https:\/\/www.radiopresidenteibanez.cl\/web\/wp-json\/wp\/v2\/posts\/58601\/revisions"}],"wp:featuredmedia":[{"embeddable":true,"href":"https:\/\/www.radiopresidenteibanez.cl\/web\/wp-json\/wp\/v2\/media\/58602"}],"wp:attachment":[{"href":"https:\/\/www.radiopresidenteibanez.cl\/web\/wp-json\/wp\/v2\/media?parent=58601"}],"wp:term":[{"taxonomy":"category","embeddable":true,"href":"https:\/\/www.radiopresidenteibanez.cl\/web\/wp-json\/wp\/v2\/categories?post=58601"},{"taxonomy":"post_tag","embeddable":true,"href":"https:\/\/www.radiopresidenteibanez.cl\/web\/wp-json\/wp\/v2\/tags?post=58601"}],"curies":[{"name":"wp","href":"https:\/\/api.w.org\/{rel}","templated":true}]}}