{"id":58598,"date":"2025-09-01T15:52:00","date_gmt":"2025-09-01T18:52:00","guid":{"rendered":"https:\/\/www.radiopresidenteibanez.cl\/web\/?p=58598"},"modified":"2025-09-01T11:57:35","modified_gmt":"2025-09-01T14:57:35","slug":"serpat-inaugura-punto-de-lectura-en-centro-de-salud-familiar-mateo-bencur","status":"publish","type":"post","link":"https:\/\/www.radiopresidenteibanez.cl\/web\/serpat-inaugura-punto-de-lectura-en-centro-de-salud-familiar-mateo-bencur\/","title":{"rendered":"Serpat inaugura Punto de Lectura en\u00a0Centro de Salud Familiar Mateo Bencur"},"content":{"rendered":"\n<p>La iniciativa propuesta por la Direcci\u00f3n&nbsp;del&nbsp;Cesfam Mateo Bencur -recinto que atiende a la mayor cantidad de poblaci\u00f3n de Punta Arenas-, acogida por la&nbsp;Coordinaci\u00f3n Regional de Bibliotecas P\u00fablicas del Serpat que don\u00f3 m\u00e1s de 250 libros de diversas tem\u00e1ticas&nbsp;y materializada gracias al aporte de Fundaci\u00f3n Integra que entreg\u00f3&nbsp;el mobiliario apropiado.&nbsp;En la inauguraci\u00f3n&nbsp;particip\u00f3 un grupo de p\u00e1rvulos de jardines infantiles de dicha fundaci\u00f3n, as\u00ed como&nbsp;autoridades encabezadas por el seremi de las Culturas, las Artes y el Patrimonio Luis Navarro y la directora del Cesfam Romina Santana, quienes acompa\u00f1aron la lectura del cuento \u00abEl rey mocho\u00bb en formato de Kamishibai. Esta cont\u00f3 con la mediaci\u00f3n de la encargada de la Biblioteca P\u00fablica 47 del Serpat, Fernanda Poblete, quien adem\u00e1s entregar\u00e1 orientaci\u00f3n al equipo del Cesfam para el uso de&nbsp;herramientas de fomento lector.Al evento asistieron la secretaria general de la Cormupa, Elena Blackwood; el jefe del \u00c1rea Salud de dicha corporaci\u00f3n, Pedro Jofr\u00e9; el director regional de Fundaci\u00f3n Integra, Alan Carrasco; el director regional del Serpat, Pablo Quercia; la coordinadora t\u00e9cnica de Inclusi\u00f3n Educativa de Fundaci\u00f3n Integra, Anabel G\u00f3mez; el coordinador regional de Bibliotecas P\u00fablicas, Bruno Sep\u00falveda, junto a parte&nbsp;de su equipo entre los que se cuenta el escritor Juan Magal.Ante la expresi\u00f3n de asombro de los ni\u00f1os y ni\u00f1as presentes cuando se descubri\u00f3 el espacio,&nbsp;Bruno Sep\u00falveda enfatiz\u00f3 que \u00abestos libros hoy pasan a ser parte de&nbsp;la sanaci\u00f3n de la comunidad y eso nos pone contentos. Queremos que la comunidad use este espacio, se apropie de \u00e9l e integre la lectura como parte de su proceso terap\u00e9utico. Como Serpat tenemos el compromiso de lograr<\/p>\n\n\n\n<p>\u00a0un acceso ciudadano democr\u00e1tico a\u00a0la lectura, que es\u00a0una gran aventura de desarrollo; los libros traen alegr\u00eda, esperanza y desarrollan la imaginaci\u00f3n y el pensamiento\u00bb. En tanto, el seremi\u00a0de las Culturas, las Artes y el Patrimonio, Luis Navarro, agradeci\u00f3 a la directora del Cesfam, Romina Santana as\u00ed como al equipo del Serpat que concret\u00f3 la iniciativa y reconoci\u00f3 el aporte de Fundaci\u00f3n Integra \u00abque permitir\u00e1 que\u00a0las ni\u00f1eces puedan disfrutar de un cuento\u00a0en el proceso de atenci\u00f3n m\u00e9dica. Sabemos que a veces\u00a0la tecnolog\u00eda consume la infancia y por ello,\u00a0impulsamos con fuerza esta iniciativa para que llegue a ese p\u00fablico\u00a0objetivo, tengan un impacto social y transforme la vida de los usuarios que se atienden en el sector p\u00fablico\u00bb. Por su parte, el director regional del Serpat, Pablo Quercia, anticip\u00f3 que se espera instalar espacios similares en otros Cesfam de la regi\u00f3n.Durante el transcurso de la ceremonia, el escritor Juan Magal destac\u00f3 que \u00abla lectura goza de buena salud cada vez que surgen espacios donde florece la lectura y las familias pueden acceder a los libros como una manera de hacer m\u00e1s llevadera la espera\u00bb. Asimismo, resalt\u00f3 la figura del m\u00e9dico eslovaco\u00a0Mateo Bencur, personaje culto y altruista que residi\u00f3 en Punta Arenas durante m\u00e1s de una d\u00e9cada a principios del siglo XX. Tambi\u00e9n conocido por su seud\u00f3nimo, Martin Kukucin, es considerado en su pa\u00eds el fundador de la literatura moderna y uno de sus cinco escritores m\u00e1s importantes.De acuerdo al registro de la\u00a0Coordinaci\u00f3n Regional de Bibliotecas P\u00fablicas del Serpat funciona\u00a0actualmente en la regi\u00f3n\u00a0una decena de\u00a0Puntos de Lectura: 5 en Punta Arenas, 3 en Porvenir y 2 en Puerto Natale<\/p>\n","protected":false},"excerpt":{"rendered":"<p>La iniciativa propuesta por la Direcci\u00f3n&nbsp;del&nbsp;Cesfam Mateo Bencur -recinto que atiende a la mayor cantidad de poblaci\u00f3n de Punta Arenas-, acogida por la&nbsp;Coordinaci\u00f3n Regional de Bibliotecas P\u00fablicas del Serpat que&#8230; <a class=\"read-more\" href=\"https:\/\/www.radiopresidenteibanez.cl\/web\/serpat-inaugura-punto-de-lectura-en-centro-de-salud-familiar-mateo-bencur\/\">Leer m\u00e1s<\/a><\/p>\n","protected":false},"author":2,"featured_media":58599,"comment_status":"closed","ping_status":"closed","sticky":false,"template":"","format":"standard","meta":{"footnotes":""},"categories":[1],"tags":[],"class_list":["post-58598","post","type-post","status-publish","format-standard","has-post-thumbnail","hentry","category-cronica"],"_links":{"self":[{"href":"https:\/\/www.radiopresidenteibanez.cl\/web\/wp-json\/wp\/v2\/posts\/58598","targetHints":{"allow":["GET"]}}],"collection":[{"href":"https:\/\/www.radiopresidenteibanez.cl\/web\/wp-json\/wp\/v2\/posts"}],"about":[{"href":"https:\/\/www.radiopresidenteibanez.cl\/web\/wp-json\/wp\/v2\/types\/post"}],"author":[{"embeddable":true,"href":"https:\/\/www.radiopresidenteibanez.cl\/web\/wp-json\/wp\/v2\/users\/2"}],"replies":[{"embeddable":true,"href":"https:\/\/www.radiopresidenteibanez.cl\/web\/wp-json\/wp\/v2\/comments?post=58598"}],"version-history":[{"count":0,"href":"https:\/\/www.radiopresidenteibanez.cl\/web\/wp-json\/wp\/v2\/posts\/58598\/revisions"}],"wp:featuredmedia":[{"embeddable":true,"href":"https:\/\/www.radiopresidenteibanez.cl\/web\/wp-json\/wp\/v2\/media\/58599"}],"wp:attachment":[{"href":"https:\/\/www.radiopresidenteibanez.cl\/web\/wp-json\/wp\/v2\/media?parent=58598"}],"wp:term":[{"taxonomy":"category","embeddable":true,"href":"https:\/\/www.radiopresidenteibanez.cl\/web\/wp-json\/wp\/v2\/categories?post=58598"},{"taxonomy":"post_tag","embeddable":true,"href":"https:\/\/www.radiopresidenteibanez.cl\/web\/wp-json\/wp\/v2\/tags?post=58598"}],"curies":[{"name":"wp","href":"https:\/\/api.w.org\/{rel}","templated":true}]}}