{"id":58595,"date":"2025-09-01T14:09:00","date_gmt":"2025-09-01T17:09:00","guid":{"rendered":"https:\/\/www.radiopresidenteibanez.cl\/web\/?p=58595"},"modified":"2025-09-01T11:49:13","modified_gmt":"2025-09-01T14:49:13","slug":"la-muestra-estudiantil-que-transformo-el-trabajo-tecnico-en-expresion-artistica","status":"publish","type":"post","link":"https:\/\/www.radiopresidenteibanez.cl\/web\/la-muestra-estudiantil-que-transformo-el-trabajo-tecnico-en-expresion-artistica\/","title":{"rendered":"La muestra estudiantil que transform\u00f3 el trabajo t\u00e9cnico en expresi\u00f3n art\u00edstica"},"content":{"rendered":"\n<p>En el patio techado del Liceo Bicentenario Luis Cruz Mart\u00ednez de Puerto Natales se<br>celebr\u00f3 la segunda edici\u00f3n de Arte Metal, una muestra estudiantil organizada por la<br>especialidad de Estructuras Met\u00e1licas para destacar la creatividad y habilidades de los<br>estudiantes a trav\u00e9s de esculturas en metal.<br>Tras una exitosa versi\u00f3n interna en 2024, que cont\u00f3 con la participaci\u00f3n exclusiva de<br>estudiantes de cuarto medio, este a\u00f1o la actividad se expandi\u00f3 para incorporar<br>tambi\u00e9n a tercero medio.<br>La iniciativa fue coordinada por el profesor Arturo Godoy \u00c1lvarez, quien tambi\u00e9n es el<br>encargado de la especialidad. Cont\u00f3 con el apoyo de los docentes Fernando Mansilla<br>y el equipo del Programa de Integraci\u00f3n Escolar (PIE), conformado por los profesores<br>Valentina March y Marcelo Miralles. Juntos impulsaron un espacio donde el arte y la<br>t\u00e9cnica se fusionaron, promoviendo el desarrollo de la imaginaci\u00f3n, el dise\u00f1o y la<br>destreza manual.<br>La muestra se dividi\u00f3 en dos categor\u00edas: la de figuras est\u00e1ticas, realizadas por los<br>estudiantes de tercero medio, y la de figuras articuladas, a cargo de los alumnos de<br>cuarto medio. Cada obra representaba un desaf\u00edo t\u00e9cnico y creativo en el que los<br>j\u00f3venes aplicaron conocimientos de soldadura, ensamblaje y dise\u00f1o estructural para<br>dar vida a sus ideas.<br>Otro de los aspectos que destacan de Arte Metal es su car\u00e1cter participativo. Los<br>ganadores de cada categor\u00eda fueron elegidos mediante votaci\u00f3n de estudiantes,<br>docentes y apoderados, para fomentar el reconocimiento del esfuerzo estudiantil y<br>fortalecer el v\u00ednculo entre la comunidad educativa y el trabajo t\u00e9cnico en el<br>establecimiento.<br>En esta versi\u00f3n. la Exposici\u00f3n Arte Metal busc\u00f3 consolidarse como una instancia que<br>celebra el talento joven, la innovaci\u00f3n y el arte desde una perspectiva t\u00e9cnica y<br>educativa, apuntando a posicionarse como una tradici\u00f3n que promete seguir creciendo<br>a\u00f1o a a\u00f1o.<\/p>\n","protected":false},"excerpt":{"rendered":"<p>En el patio techado del Liceo Bicentenario Luis Cruz Mart\u00ednez de Puerto Natales secelebr\u00f3 la segunda edici\u00f3n de Arte Metal, una muestra estudiantil organizada por laespecialidad de Estructuras Met\u00e1licas para&#8230; <a class=\"read-more\" href=\"https:\/\/www.radiopresidenteibanez.cl\/web\/la-muestra-estudiantil-que-transformo-el-trabajo-tecnico-en-expresion-artistica\/\">Leer m\u00e1s<\/a><\/p>\n","protected":false},"author":2,"featured_media":58596,"comment_status":"closed","ping_status":"closed","sticky":false,"template":"","format":"standard","meta":{"footnotes":""},"categories":[1],"tags":[],"class_list":["post-58595","post","type-post","status-publish","format-standard","has-post-thumbnail","hentry","category-cronica"],"_links":{"self":[{"href":"https:\/\/www.radiopresidenteibanez.cl\/web\/wp-json\/wp\/v2\/posts\/58595","targetHints":{"allow":["GET"]}}],"collection":[{"href":"https:\/\/www.radiopresidenteibanez.cl\/web\/wp-json\/wp\/v2\/posts"}],"about":[{"href":"https:\/\/www.radiopresidenteibanez.cl\/web\/wp-json\/wp\/v2\/types\/post"}],"author":[{"embeddable":true,"href":"https:\/\/www.radiopresidenteibanez.cl\/web\/wp-json\/wp\/v2\/users\/2"}],"replies":[{"embeddable":true,"href":"https:\/\/www.radiopresidenteibanez.cl\/web\/wp-json\/wp\/v2\/comments?post=58595"}],"version-history":[{"count":0,"href":"https:\/\/www.radiopresidenteibanez.cl\/web\/wp-json\/wp\/v2\/posts\/58595\/revisions"}],"wp:featuredmedia":[{"embeddable":true,"href":"https:\/\/www.radiopresidenteibanez.cl\/web\/wp-json\/wp\/v2\/media\/58596"}],"wp:attachment":[{"href":"https:\/\/www.radiopresidenteibanez.cl\/web\/wp-json\/wp\/v2\/media?parent=58595"}],"wp:term":[{"taxonomy":"category","embeddable":true,"href":"https:\/\/www.radiopresidenteibanez.cl\/web\/wp-json\/wp\/v2\/categories?post=58595"},{"taxonomy":"post_tag","embeddable":true,"href":"https:\/\/www.radiopresidenteibanez.cl\/web\/wp-json\/wp\/v2\/tags?post=58595"}],"curies":[{"name":"wp","href":"https:\/\/api.w.org\/{rel}","templated":true}]}}