{"id":58591,"date":"2025-09-01T12:22:00","date_gmt":"2025-09-01T15:22:00","guid":{"rendered":"https:\/\/www.radiopresidenteibanez.cl\/web\/?p=58591"},"modified":"2025-09-01T11:29:27","modified_gmt":"2025-09-01T14:29:27","slug":"amplio-apoyo-a-plan-de-accion-regional-intersectorial-para-la-reinsercion-social-juvenil","status":"publish","type":"post","link":"https:\/\/www.radiopresidenteibanez.cl\/web\/amplio-apoyo-a-plan-de-accion-regional-intersectorial-para-la-reinsercion-social-juvenil\/","title":{"rendered":"AMPLIO APOYO A PLAN DE ACCI\u00d3N REGIONAL INTERSECTORIAL PARA LA REINSERCI\u00d3N SOCIAL JUVENIL"},"content":{"rendered":"\n<p>Con la presencia de los 11 servicios p\u00fablicos que componen el Comit\u00e9 Operativo Regional, COR, se llev\u00f3 a cabo una nueva sesi\u00f3n de trabajo, en la cual se revis\u00f3 el Plan de Acci\u00f3n Intersectorial de Reinserci\u00f3n Social Juvenil.<\/p>\n\n\n\n<p>En la instancia, se revisaron los compromisos asumidos por la institucionalidad que, a trav\u00e9s de metas y tareas, se focalizar\u00e1 el trabajo para garantizar la atenci\u00f3n de j\u00f3venes en reinserci\u00f3n, mediante la cobertura en las \u00e1reas de educaci\u00f3n, salud, tratamiento y consumo de alcohol y otras drogas, trabajo, capacitaci\u00f3n y empleo, desarrollo social, juventud, deporte, arte y cultura, prevenci\u00f3n del delito, g\u00e9nero y territorio, entre otras.<\/p>\n\n\n\n<p>Adem\u00e1s, durante la sesi\u00f3n se entreg\u00f3 un resumen de los principales lineamientos y resultados obtenidos por el Servicio de Reinserci\u00f3n, hasta la fecha.<\/p>\n\n\n\n<p>El COR es una instancia de car\u00e1cter regional que tiene como objetivo adoptar acciones concretas para favorecer la reinserci\u00f3n de los adolescentes y j\u00f3venes que lo requieran y que forma parte de la nueva institucionalidad que dio paso a la implementaci\u00f3n del Servicio de Reinserci\u00f3n Social Juvenil en la regi\u00f3n de Magallanes. En nuestra regi\u00f3n es liderado por la Seremi de Justicia y Derechos humanos, Michelle Peutat.<\/p>\n\n\n\n<p>\u201cLa implementaci\u00f3n del Servicio de Reinserci\u00f3n en nuestra regi\u00f3n se ve fortalecida con este acuerdo interinstitucional, en el cual los distintos actores que integran el Comit\u00e9 Operativo Regional asumen el compromiso de trabajar coordinadamente para velar por la reinserci\u00f3n social juvenil de los j\u00f3venes que han infringido la ley penal. Este esfuerzo conjunto refleja nuestra convicci\u00f3n de que la seguridad y la justicia se construyen tambi\u00e9n abriendo oportunidades y acompa\u00f1ando nuevos proyectos de vida\u201d, dijo la <strong>Seremi de Justicia y Derechos Humanos, Michelle Peutat Alvarado.<\/strong><\/p>\n\n\n\n<p>Por su parte, <strong>C\u00e9sar Montiel, Director Regional del Servicio de Reinserci\u00f3n Social Juvenil de Magallanes<\/strong> valor\u00f3 el compromiso de todo el intersector. \u201cNuestro desaf\u00edo es garantizar que cada joven en conflicto con la justicia pueda tener oportunidades reales de cambiar su vida y construir un futuro mejor. La reinserci\u00f3n no s\u00f3lo es un derecho, es tambi\u00e9n una forma de garantizar mayor seguridad para toda la sociedad; por ello el trabajo del intersector es vital\u201d.<\/p>\n\n\n\n<p>De esta manera, el Servicio de Reinserci\u00f3n Social Juvenil garantizar el respeto irrestricto de los Derechos Humanos de adolescentes y j\u00f3venes que han infringido la ley y asegura una oferta de programas de calidad que favorezca la integraci\u00f3n de este grupo en la sociedad disminuyendo la reincidencia.<\/p>\n\n\n\n<p>Los Comit\u00e9s Operativos Regionales son presididos por los Seremis de Justicia y Derechos Humanos de cada regi\u00f3n, quienes se encargan de sesionar cada dos meses, con el fin de dar seguimiento a los casos y a la articulaci\u00f3n de las instituciones del Estado, para facilitar los procesos de reinserci\u00f3n juvenil.<\/p>\n","protected":false},"excerpt":{"rendered":"<p>Con la presencia de los 11 servicios p\u00fablicos que componen el Comit\u00e9 Operativo Regional, COR, se llev\u00f3 a cabo una nueva sesi\u00f3n de trabajo, en la cual se revis\u00f3 el&#8230; <a class=\"read-more\" href=\"https:\/\/www.radiopresidenteibanez.cl\/web\/amplio-apoyo-a-plan-de-accion-regional-intersectorial-para-la-reinsercion-social-juvenil\/\">Leer m\u00e1s<\/a><\/p>\n","protected":false},"author":2,"featured_media":58592,"comment_status":"closed","ping_status":"closed","sticky":false,"template":"","format":"standard","meta":{"footnotes":""},"categories":[1],"tags":[],"class_list":["post-58591","post","type-post","status-publish","format-standard","has-post-thumbnail","hentry","category-cronica"],"_links":{"self":[{"href":"https:\/\/www.radiopresidenteibanez.cl\/web\/wp-json\/wp\/v2\/posts\/58591","targetHints":{"allow":["GET"]}}],"collection":[{"href":"https:\/\/www.radiopresidenteibanez.cl\/web\/wp-json\/wp\/v2\/posts"}],"about":[{"href":"https:\/\/www.radiopresidenteibanez.cl\/web\/wp-json\/wp\/v2\/types\/post"}],"author":[{"embeddable":true,"href":"https:\/\/www.radiopresidenteibanez.cl\/web\/wp-json\/wp\/v2\/users\/2"}],"replies":[{"embeddable":true,"href":"https:\/\/www.radiopresidenteibanez.cl\/web\/wp-json\/wp\/v2\/comments?post=58591"}],"version-history":[{"count":0,"href":"https:\/\/www.radiopresidenteibanez.cl\/web\/wp-json\/wp\/v2\/posts\/58591\/revisions"}],"wp:featuredmedia":[{"embeddable":true,"href":"https:\/\/www.radiopresidenteibanez.cl\/web\/wp-json\/wp\/v2\/media\/58592"}],"wp:attachment":[{"href":"https:\/\/www.radiopresidenteibanez.cl\/web\/wp-json\/wp\/v2\/media?parent=58591"}],"wp:term":[{"taxonomy":"category","embeddable":true,"href":"https:\/\/www.radiopresidenteibanez.cl\/web\/wp-json\/wp\/v2\/categories?post=58591"},{"taxonomy":"post_tag","embeddable":true,"href":"https:\/\/www.radiopresidenteibanez.cl\/web\/wp-json\/wp\/v2\/tags?post=58591"}],"curies":[{"name":"wp","href":"https:\/\/api.w.org\/{rel}","templated":true}]}}