{"id":58587,"date":"2025-09-01T11:06:05","date_gmt":"2025-09-01T14:06:05","guid":{"rendered":"https:\/\/www.radiopresidenteibanez.cl\/web\/?p=58587"},"modified":"2025-09-01T11:06:44","modified_gmt":"2025-09-01T14:06:44","slug":"minvu-realiza-dialogo-regional-en-el-cierre-del-mes-de-las-dirigencias-sociales","status":"publish","type":"post","link":"https:\/\/www.radiopresidenteibanez.cl\/web\/minvu-realiza-dialogo-regional-en-el-cierre-del-mes-de-las-dirigencias-sociales\/","title":{"rendered":"Minvu realiza di\u00e1logo regional en el cierre del Mes de las Dirigencias Sociales"},"content":{"rendered":"\n<p>En el marco del Mes de las Dirigencias Sociales y Liderazgos Comunitarios, el Ministerio de Vivienda y Urbanismo (Minvu) realiz\u00f3 el di\u00e1logo regional \u201cVivienda, Barrio y Ciudad\u201d, instancia que reuni\u00f3 a dirigentas y dirigentes de distintas organizaciones sociales de Punta Arenas.<\/p>\n\n\n\n<p>La actividad tuvo lugar&nbsp;en el Auditorio Gabriela Mistral y se desarroll\u00f3 en simult\u00e1neo con otros di\u00e1logos en todas las regiones del pa\u00eds, con el objetivo de recoger propuestas ciudadanas que orienten la acci\u00f3n del Ministerio de Vivienda y Urbanismo en materias habitacionales y urbanas, en el marco del Plan de Emergencia Habitacional y del enfoque de Ciudades Justas.<\/p>\n\n\n\n<p>Durante la jornada, las y los participantes trabajaron en mesas tem\u00e1ticas sobre vivienda, mejoramientos, condominios, urbanismo y el rol de las instituciones y de las dirigencias. Cada comisi\u00f3n present\u00f3 sus conclusiones en la plenaria final, que ser\u00e1n sistematizadas como insumo para la planificaci\u00f3n regional y nacional del Minvu.<\/p>\n\n\n\n<p>El seremi de Vivienda y Urbanismo,&nbsp;<strong>Marco Uribe Saldivia<\/strong>, destac\u00f3 que \u201cestamos muy contentos de esta actividad que conmemora el mes de las dirigencias. Para nosotros como Ministerio, uno de los tres pilares fundamentales es la parte social, y en ese sentido poder fortalecer el tejido es clave para desplegarnos en el territorio y llegar a la comunidad en general a trav\u00e9s de sus dirigentas y dirigentes\u201d.<\/p>\n\n\n\n<p>En tanto, el delegado presidencial regional,&nbsp;<strong>Jos\u00e9 Ruiz Pivcevic<\/strong>, subray\u00f3 que \u201cen el gobierno del Presidente Gabriel Boric tenemos la convicci\u00f3n de que las pol\u00edticas p\u00fablicas se mejoran en di\u00e1logo con los vecinos y vecinas, y particularmente con los dirigentes sociales que representan de tan buena forma a sus comunidades. Estas instancias deben seguir realiz\u00e1ndose en los a\u00f1os que vienen, porque son parte del sello que impulsamos como gobierno\u201d.<\/p>\n\n\n\n<p>Desde las comunidades,&nbsp;<strong>Joana Salazar<\/strong>, de la agrupaci\u00f3n Renacer Villa Los Sauces, se\u00f1al\u00f3 que este tipo de actividades son \u201cimportantes porque as\u00ed se dan a conocer las inquietudes de las personas que estamos participando y aprendemos tambi\u00e9n c\u00f3mo llevar un buen liderazgo en nuestras comunidades\u201d.<\/p>\n\n\n\n<p>Por su parte,&nbsp;<strong>Sandra Oyarzo Gonz\u00e1lez<\/strong>, integrante del Consejo Asesor de Adultos Mayores de Magallanes, expres\u00f3 que \u201cnosotros sugerimos que estas mesas de trabajo se contin\u00faen haciendo, porque no es lo mismo plantear las necesidades en forma directa a las autoridades que hacerlo por tel\u00e9fono o mediante una consulta. Fue una jornada muy bien organizada y enriquecedora para todos quienes participamos\u201d.<\/p>\n\n\n\n<p>La dirigenta&nbsp;<strong>Jimena C\u00e1rdenas<\/strong>, de la JJ.VV. Goleta Ancud, valor\u00f3 que el di\u00e1logo \u201ces una buena instancia donde los vecinos podemos tener comunicaci\u00f3n directa para dar a conocer las problem\u00e1ticas reales que vivimos en los barrios\u201d.<\/p>\n\n\n\n<p>Finalmente, el seremi de Gobierno,&nbsp;<strong>Andro Mimica Guerrero<\/strong>, inform\u00f3 que \u201cbajo el gobierno del Presidente Gabriel Boric hemos presentado un proyecto de protecci\u00f3n hacia todas y todos los dirigentes sociales, que ya fue aprobado en la C\u00e1mara de Diputados y que esperamos ingrese pronto al Senado, para entregarles una mayor seguridad en el ejercicio de su rol\u201d.<\/p>\n\n\n\n<p>Con esta jornada, Magallanes se sum\u00f3 al cierre nacional del Mes de las Dirigencias Sociales, reafirmando el compromiso del Ministerio de Vivienda y Urbanismo con el fortalecimiento de la participaci\u00f3n ciudadana y la construcci\u00f3n de ciudades m\u00e1s justas e inclusivas.<\/p>\n","protected":false},"excerpt":{"rendered":"<p>En el marco del Mes de las Dirigencias Sociales y Liderazgos Comunitarios, el Ministerio de Vivienda y Urbanismo (Minvu) realiz\u00f3 el di\u00e1logo regional \u201cVivienda, Barrio y Ciudad\u201d, instancia que reuni\u00f3&#8230; <a class=\"read-more\" href=\"https:\/\/www.radiopresidenteibanez.cl\/web\/minvu-realiza-dialogo-regional-en-el-cierre-del-mes-de-las-dirigencias-sociales\/\">Leer m\u00e1s<\/a><\/p>\n","protected":false},"author":2,"featured_media":58588,"comment_status":"closed","ping_status":"closed","sticky":false,"template":"","format":"standard","meta":{"footnotes":""},"categories":[1],"tags":[],"class_list":["post-58587","post","type-post","status-publish","format-standard","has-post-thumbnail","hentry","category-cronica"],"_links":{"self":[{"href":"https:\/\/www.radiopresidenteibanez.cl\/web\/wp-json\/wp\/v2\/posts\/58587","targetHints":{"allow":["GET"]}}],"collection":[{"href":"https:\/\/www.radiopresidenteibanez.cl\/web\/wp-json\/wp\/v2\/posts"}],"about":[{"href":"https:\/\/www.radiopresidenteibanez.cl\/web\/wp-json\/wp\/v2\/types\/post"}],"author":[{"embeddable":true,"href":"https:\/\/www.radiopresidenteibanez.cl\/web\/wp-json\/wp\/v2\/users\/2"}],"replies":[{"embeddable":true,"href":"https:\/\/www.radiopresidenteibanez.cl\/web\/wp-json\/wp\/v2\/comments?post=58587"}],"version-history":[{"count":0,"href":"https:\/\/www.radiopresidenteibanez.cl\/web\/wp-json\/wp\/v2\/posts\/58587\/revisions"}],"wp:featuredmedia":[{"embeddable":true,"href":"https:\/\/www.radiopresidenteibanez.cl\/web\/wp-json\/wp\/v2\/media\/58588"}],"wp:attachment":[{"href":"https:\/\/www.radiopresidenteibanez.cl\/web\/wp-json\/wp\/v2\/media?parent=58587"}],"wp:term":[{"taxonomy":"category","embeddable":true,"href":"https:\/\/www.radiopresidenteibanez.cl\/web\/wp-json\/wp\/v2\/categories?post=58587"},{"taxonomy":"post_tag","embeddable":true,"href":"https:\/\/www.radiopresidenteibanez.cl\/web\/wp-json\/wp\/v2\/tags?post=58587"}],"curies":[{"name":"wp","href":"https:\/\/api.w.org\/{rel}","templated":true}]}}