{"id":58584,"date":"2025-09-01T09:40:00","date_gmt":"2025-09-01T12:40:00","guid":{"rendered":"https:\/\/www.radiopresidenteibanez.cl\/web\/?p=58584"},"modified":"2025-09-01T09:02:38","modified_gmt":"2025-09-01T12:02:38","slug":"empresa-portuaria-austral-expuso-en-seminario-de-desarrollo-sostenible-en-magallanes","status":"publish","type":"post","link":"https:\/\/www.radiopresidenteibanez.cl\/web\/empresa-portuaria-austral-expuso-en-seminario-de-desarrollo-sostenible-en-magallanes\/","title":{"rendered":"EMPRESA PORTUARIA AUSTRAL EXPUSO EN SEMINARIO DE DESARROLLO SOSTENIBLE EN MAGALLANES"},"content":{"rendered":"\n<p>En el marco del Seminario Impacto 360: Magallanes en transici\u00f3n: energ\u00eda limpia,<br>innovaci\u00f3n y capital humano, organizado por la Revista E-Negocios y la Ilustre<br>Municipalidad de Punta Arenas, la Empresa Portuaria Austral tuvo una activa<br>participaci\u00f3n en las conversaciones sobre el desarrollo sostenible en la Regi\u00f3n de<br>Magallanes.<br>Durante su intervenci\u00f3n, Miguel Palma, Gerente General de la EPAUSTRAL,<br>present\u00f3 los avances y desaf\u00edos del sistema portuario regional, destacando el rol<br>estrat\u00e9gico de la empresa p\u00fablica en la log\u00edstica y conectividad del extremo sur del<br>pa\u00eds.<br>En particular, el ejecutivo subray\u00f3 su relevancia en las distintas industrias en<br>Magallanes -entre ellas la del turismo de cruceros, con el Terminal Arturo Prat<br>recibiendo la mayor cantidad de naves tur\u00edsticas en el pa\u00eds-, los proyectos<br>estrat\u00e9gicos que se llevan a cabo para mejorar la infraestructura portuaria regional,<br>las propuestas para ser una empresa m\u00e1s sostenible y el hito de la operaci\u00f3n de<br>descarga, acopio, traslado y embarque de aerogeneradores con destino a<br>Argentina, una iniciativa que posiciona la v\u00eda mar\u00edtima como alternativa para el<br>movimiento de carga de grandes dimensiones asociadas a proyectos de energ\u00edas<br>renovables. Adem\u00e1s, Miguel Palma particip\u00f3 de un panel de conversaci\u00f3n en torno<br>al turismo e innovaci\u00f3n.<br>El evento reuni\u00f3 a autoridades, expertos y l\u00edderes del sector p\u00fablico y privado,<br>quienes abordaron los principales desaf\u00edos y oportunidades que enfrenta<br>Magallanes en su camino a ser una econom\u00eda m\u00e1s resiliente.<\/p>\n","protected":false},"excerpt":{"rendered":"<p>En el marco del Seminario Impacto 360: Magallanes en transici\u00f3n: energ\u00eda limpia,innovaci\u00f3n y capital humano, organizado por la Revista E-Negocios y la IlustreMunicipalidad de Punta Arenas, la Empresa Portuaria Austral&#8230; <a class=\"read-more\" href=\"https:\/\/www.radiopresidenteibanez.cl\/web\/empresa-portuaria-austral-expuso-en-seminario-de-desarrollo-sostenible-en-magallanes\/\">Leer m\u00e1s<\/a><\/p>\n","protected":false},"author":2,"featured_media":58585,"comment_status":"closed","ping_status":"closed","sticky":false,"template":"","format":"standard","meta":{"footnotes":""},"categories":[1],"tags":[],"class_list":["post-58584","post","type-post","status-publish","format-standard","has-post-thumbnail","hentry","category-cronica"],"_links":{"self":[{"href":"https:\/\/www.radiopresidenteibanez.cl\/web\/wp-json\/wp\/v2\/posts\/58584","targetHints":{"allow":["GET"]}}],"collection":[{"href":"https:\/\/www.radiopresidenteibanez.cl\/web\/wp-json\/wp\/v2\/posts"}],"about":[{"href":"https:\/\/www.radiopresidenteibanez.cl\/web\/wp-json\/wp\/v2\/types\/post"}],"author":[{"embeddable":true,"href":"https:\/\/www.radiopresidenteibanez.cl\/web\/wp-json\/wp\/v2\/users\/2"}],"replies":[{"embeddable":true,"href":"https:\/\/www.radiopresidenteibanez.cl\/web\/wp-json\/wp\/v2\/comments?post=58584"}],"version-history":[{"count":0,"href":"https:\/\/www.radiopresidenteibanez.cl\/web\/wp-json\/wp\/v2\/posts\/58584\/revisions"}],"wp:featuredmedia":[{"embeddable":true,"href":"https:\/\/www.radiopresidenteibanez.cl\/web\/wp-json\/wp\/v2\/media\/58585"}],"wp:attachment":[{"href":"https:\/\/www.radiopresidenteibanez.cl\/web\/wp-json\/wp\/v2\/media?parent=58584"}],"wp:term":[{"taxonomy":"category","embeddable":true,"href":"https:\/\/www.radiopresidenteibanez.cl\/web\/wp-json\/wp\/v2\/categories?post=58584"},{"taxonomy":"post_tag","embeddable":true,"href":"https:\/\/www.radiopresidenteibanez.cl\/web\/wp-json\/wp\/v2\/tags?post=58584"}],"curies":[{"name":"wp","href":"https:\/\/api.w.org\/{rel}","templated":true}]}}