{"id":58581,"date":"2025-09-01T08:59:00","date_gmt":"2025-09-01T11:59:00","guid":{"rendered":"https:\/\/www.radiopresidenteibanez.cl\/web\/?p=58581"},"modified":"2025-09-01T08:33:25","modified_gmt":"2025-09-01T11:33:25","slug":"boletin-informativo-orbe-67","status":"publish","type":"post","link":"https:\/\/www.radiopresidenteibanez.cl\/web\/boletin-informativo-orbe-67\/","title":{"rendered":"BOLETIN INFORMATIVO ORBE"},"content":{"rendered":"\n<p>SANTIAGO.- La \u00faltima edici\u00f3n de la encuesta Cadem, publicada<br>este domingo, se\u00f1al\u00f3 que la carrera presidencial est\u00e1<br>liderada por el republicano Jos\u00e9 Antonio Kast con un 27 por<br>ciento, seguido por la oficialista Jeannette Jara con un 26<br>por ciento y Evelyn Matthei con un 14 por ciento. Despu\u00e9s se<br>ubican Franco Parisi con un 11 por ciento y Johannes Kaiser<br>con un 8 por ciento, mientras Marco Enr\u00edquez-Ominami<br>obtiene un tres por ciento.<\/p>\n\n\n\n<p>SANTIAGO.- Cadem indica adem\u00e1s que, en la quinta semana de<br>agosto, un 31 por ciento aprueba la gesti\u00f3n del Presidente<br>Gabriel Boric y un 63 por ciento la desaprueba, cerrando el<br>mes con un promedio del 32 por ciento de aprobaci\u00f3n y un 64<br>por ciento de desaprobaci\u00f3n. Adem\u00e1s, un 56 por ciento opina<br>que el pa\u00eds retrocedi\u00f3 respecto al gobierno anterior, frente<br>al 25 por ciento que cree que avanz\u00f3 y el 16 por ciento que<br>cree que est\u00e1 igual.<\/p>\n\n\n\n<p>SANTIAGO.- Criteria public\u00f3 este domingo una nueva edici\u00f3n de<br>su encuesta, que mide el pulso de la carrera presidencial con<br>miras a las elecciones de noviembre. En ese contexto, el que<br>la encabeza es Jos\u00e9 Antonio Kast con el 28 por ciento,<br>seguido por Jeannette Jara con el 27 por ciento y Evelyn<br>Matthei con un 14 por ciento. M\u00e1s atr\u00e1s aparecen Franco<br>Parisi con el 9 por ciento y Johannes Kaiser con el 8 por<br>ciento.<\/p>\n\n\n\n<p>SANTIAGO.- El presidente del Partido Comunista, Lautaro<br>Carmona, respondi\u00f3 a las cr\u00edticas que han emanado desde el<br>oficialismo por sus dichos contra el exministro de Hacienda<br>Mario Marcel, y acus\u00f3 que \u00abalgunos est\u00e1n interesados en<br>promover la dispersi\u00f3n, transformando cada comentario\u00bb del<br>partido. \u00abSeguiremos haciendo todos los esfuerzos para que<br>esta l\u00ednea pol\u00edtica, construida con tanto sacrificio y<br>convicci\u00f3n por d\u00e9cadas, siga abri\u00e9ndose camino\u00bb, asegur\u00f3<br>Carmona.<\/p>\n\n\n\n<p>SANTIAGO.- El secretario general del Partido Socialista,<br>Camilo Escalona, afirm\u00f3 que \u00abhemos tenido una diferencia<br>pol\u00edtica, no personal\u00bb con el presidente del Partido<br>Comunista Lautaro Carmona,<br>y que el PS no es \u00abun partido subordinado\u00bb al PC\u00bb. \u00abEstamos<br>aportando, ni m\u00e1s ni menos que a la viabilidad de la<br>candidatura de Jeannette Jara. Nosotros lo que estamos es<br>ayudando a cimentar las bases sobre las cuales ella puede<br>levantar su candidatura\u00bb, adujo Escalona.<\/p>\n\n\n\n<p>SANTIAGO.- En cuanto a si considera que Jeannette Jara debe<br>suspender su militancia en el PC, Escalona repar\u00f3 que \u00aben<br>esto hay momentos pol\u00edticos cuando las cosas se pueden hacer.<br>Yo pienso que ese momento pol\u00edtico era el d\u00eda de la primaria<br>en la noche. En el futuro yo pienso que el otro d\u00eda que esa<br>decisi\u00f3n se puede tomar es cuando lo hizo Don &#8216;Pato&#8217; Aylwin<br>el d\u00eda en que asumi\u00f3 la Jefatura del Estado\u00bb. \u00abEs viable pero<br>si asume la Presidencia\u00bb, precis\u00f3.<\/p>\n","protected":false},"excerpt":{"rendered":"<p>SANTIAGO.- La \u00faltima edici\u00f3n de la encuesta Cadem, publicadaeste domingo, se\u00f1al\u00f3 que la carrera presidencial est\u00e1liderada por el republicano Jos\u00e9 Antonio Kast con un 27 porciento, seguido por la oficialista&#8230; <a class=\"read-more\" href=\"https:\/\/www.radiopresidenteibanez.cl\/web\/boletin-informativo-orbe-67\/\">Leer m\u00e1s<\/a><\/p>\n","protected":false},"author":2,"featured_media":58582,"comment_status":"closed","ping_status":"closed","sticky":false,"template":"","format":"standard","meta":{"footnotes":""},"categories":[1],"tags":[],"class_list":["post-58581","post","type-post","status-publish","format-standard","has-post-thumbnail","hentry","category-cronica"],"_links":{"self":[{"href":"https:\/\/www.radiopresidenteibanez.cl\/web\/wp-json\/wp\/v2\/posts\/58581","targetHints":{"allow":["GET"]}}],"collection":[{"href":"https:\/\/www.radiopresidenteibanez.cl\/web\/wp-json\/wp\/v2\/posts"}],"about":[{"href":"https:\/\/www.radiopresidenteibanez.cl\/web\/wp-json\/wp\/v2\/types\/post"}],"author":[{"embeddable":true,"href":"https:\/\/www.radiopresidenteibanez.cl\/web\/wp-json\/wp\/v2\/users\/2"}],"replies":[{"embeddable":true,"href":"https:\/\/www.radiopresidenteibanez.cl\/web\/wp-json\/wp\/v2\/comments?post=58581"}],"version-history":[{"count":0,"href":"https:\/\/www.radiopresidenteibanez.cl\/web\/wp-json\/wp\/v2\/posts\/58581\/revisions"}],"wp:featuredmedia":[{"embeddable":true,"href":"https:\/\/www.radiopresidenteibanez.cl\/web\/wp-json\/wp\/v2\/media\/58582"}],"wp:attachment":[{"href":"https:\/\/www.radiopresidenteibanez.cl\/web\/wp-json\/wp\/v2\/media?parent=58581"}],"wp:term":[{"taxonomy":"category","embeddable":true,"href":"https:\/\/www.radiopresidenteibanez.cl\/web\/wp-json\/wp\/v2\/categories?post=58581"},{"taxonomy":"post_tag","embeddable":true,"href":"https:\/\/www.radiopresidenteibanez.cl\/web\/wp-json\/wp\/v2\/tags?post=58581"}],"curies":[{"name":"wp","href":"https:\/\/api.w.org\/{rel}","templated":true}]}}