{"id":58578,"date":"2025-09-01T08:30:00","date_gmt":"2025-09-01T11:30:00","guid":{"rendered":"https:\/\/www.radiopresidenteibanez.cl\/web\/?p=58578"},"modified":"2025-09-01T08:26:51","modified_gmt":"2025-09-01T11:26:51","slug":"suenos-y-temores-de-la-familia-trabajadora","status":"publish","type":"post","link":"https:\/\/www.radiopresidenteibanez.cl\/web\/suenos-y-temores-de-la-familia-trabajadora\/","title":{"rendered":"SUE\u00d1OS Y TEMORES DE LA FAMILIA TRABAJADORA"},"content":{"rendered":"\n<p>Como todos los fines de mes, los supermercados se llenan de familias de trabajadores (as) que<br>reci\u00e9n han recibido sus sueldos. Es un momento \u00fanico del mes, en que con justa raz\u00f3n y con toda<br>dignidad, las familias gozan del fruto del esfuerzo. Estos son los trabajadores y trabajadoras de Chile, verdaderos creadores de la riqueza, los que mueven la carga por nuestras rutas, los que construyen casas y edificios, levantan infraestructura, atienden postas y consultorios. Los electores que decidir\u00e1n la elecci\u00f3n de noviembre son cerca de 15 millones de personas. El grueso de estos son trabajadores y trabajadoras.<br>La gran masa de asalariados que constituye la fuerza de trabajo, hoy bordea los diez millones<br>doscientos mil trabajadores. Pero de estos s\u00f3lo 9 millones 300 mil est\u00e1n ocupados formalmente.<br>\u00bfD\u00f3nde est\u00e1n los dem\u00e1s?, Si consideramos las \u00faltimas cifras de desempleo, este llega a 8,7%,<br>persistiendo un mayor desempleo femenino, con 9,7%. hoy se encuentran desocupados m\u00e1s de<br>ochocientos mil trabajadores. Pero tambi\u00e9n existe un alto empleo informal. Hoy son dos millones<br>cuatrocientas mil personas que deben buscar el sustento en forma precaria. Pero, \u00bfcu\u00e1nto ganan los trabajadores? Recurrimos para esto al promedio, que como se sabe. cuando Jos\u00e9 tiene dos panes y la se\u00f1ora Juanita ninguno, el promedio de panes es de un pan. Algo similar sucede con el ingreso mensual promedio, as\u00ed el dato para la poblaci\u00f3n ocupada durante 2024 fue de $897.019, seg\u00fan inform\u00f3 el INE. Ahora bien, analicemos un dato m\u00e1s realista, la mediana de ingresos. La mediana de ingresos, si ordenamos de mayor a menor los ingresos mensuales, la mediana es el valor que corresponder\u00eda al trabajador que se ubica en la mitad de la lista. En este caso el ingreso mensual mediano lleg\u00f3 a $611.162, lo que quiere decir que la mitad superior percibe un ingreso mayor, y la mitad inferior de la lista, ve reducido su ingreso, hasta llegar a quienes perciben el ingreso m\u00ednimo mensual. Es una verdadera multitud de trabajadores que se encuentran en el rango inferior de ingresos, sobre cuatro millones y medio de personas de las que se encuentran con empleo formal, y la gran mayor\u00eda de los 2.400.000 trabajadores en la informalidad. A vuelo de p\u00e1jaro siete millones de personas, deben estirar el sueldo mensual de una manera tit\u00e1nica para alcanzar a parar la olla, y cumplir con los pagos b\u00e1sicos del mes.<br>Pienso en los trabajadores y sus familias a fines de mes, haciendo la compra de lo necesario<br>para el sustento, pero con ese nivel de ingresos resulta en extremo dif\u00edcil llegar a fin de mes y adquirir lo esencial para la sobrevivencia. La fragilidad del empleo, y los bajos salarios, constituyen una grave falencia de nuestro modelo de desarrollo. El riesgo de caer en la pobreza para casi 7 millones de trabajadores, est\u00e1 al alcance de un despido, de una reestructuraci\u00f3n empresarial. En medio del traj\u00edn electoral, de los anuncios rimbombantes, de las acusaciones de todo tipo que se cruzan entre los contendores, pienso en las familias trabajadoras. En el siglo pasado, fueron motor de cambio social, agentes activos de la cosa social, de la reforma agraria, de las huelgas obreras por salarios y condiciones dignas. Hoy el individualismo, y con fuerza creciente el temor, son los principales motores.<br>Quienes construyen con su esfuerzo un pa\u00eds entero cada d\u00eda, viven sumidos en la lucha por la<br>sobrevivencia. Con estr\u00e9s permanente a perder la pega, o por no poder dar el sustento a la familia.<br>Esas personas que en otra \u00e9poca hicieron revoluciones, hoy est\u00e1n sumidas en una permanente<br>zozobra. Los discursos pol\u00edticos alambicados y te\u00f3ricos de transformaciones sociales profundas, que viene predicando hace d\u00e9cadas el progresismo, no ha calado lo suficiente, para que este enorme contingente de personas adhiera a un \u00fanico ideario pol\u00edtico. Peor a\u00fan, el progresismo ya en dos ocasiones no ha sabido interpretar a quienes son los destinatarios finales de toda mejora o progreso social. La realidad evidente y tangible del mejoramiento de las condiciones materiales de vida, que se ha producido en el lapso de una sola generaci\u00f3n, es ignorado en los an\u00e1lisis, como si cada vez, cada cuatro a\u00f1os, el pa\u00eds debiera empezar de cero.<br>A\u00f1os de esfuerzos y sacrificios de la clase trabajadora, han producido una mejora muy<br>evidente, tanto en las referidas condiciones de vida, como en cuanto a las perspectivas de mejora<br>futura. La gratuidad en la educaci\u00f3n para el sesenta por ciento del registro social de hogares m\u00e1s<br>vulnerables, establecido durante el gobierno de la presidenta Bachelet, se ha constituido en una<br>carretera de alta velocidad para el progreso social. Ese cambio en las expectativas no tiene vuelta<br>atr\u00e1s. Las familias que han logrado dar este paso, no est\u00e1n dispuestas a retroceder. Por eso que los<br>discursos que aluden a la condici\u00f3n de clase, propios de la izquierda m\u00e1s ortodoxa, no hacen mella en este inmenso grupo de personas. Se dice de ellos que son \u201caspiracionales\u201d, \u201carribistas\u201d, m\u00e1s atr\u00e1s eran tratados de desclasados. Hace no mucho incluso se les calificaba como \u201cfachos pobres\u201d. Simple y sencillamente son personas que surgieron de la pobreza gracias a su esfuerzo personal y familiar, y no tienen el m\u00e1s m\u00ednimo inter\u00e9s en volver a ella. Mucho menos, que se la recuerden. Aspiran a m\u00e1s, de all\u00ed que se les diga aspiracionales con una connotaci\u00f3n negativa. Como si la extracci\u00f3n social fuera una especie de condena. Se han quedado cortos los an\u00e1lisis de los viejos partidos sobre la gran masa de asalariados que dicen representar. Se sigue leyendo la realidad con el prisma de los a\u00f1os 80\u2019.<br>La gran inc\u00f3gnita de la definici\u00f3n presidencial, es que sector sabr\u00e1 captar de mejor forma la<br>confianza de los trabajadores y trabajadoras de Chile. Una figura pol\u00edtica que hace gala de su<br>extracci\u00f3n popular, y de sus dif\u00edciles primeros a\u00f1os como trabajadora y estudiante, como madre y<br>como joven viuda. O un empresario que jam\u00e1s ha vivido privaci\u00f3n alguna, y que resalta su imagen de quien est\u00e1 acostumbrado a mandar, a ser el jefe. \u00bfLas personas se ver\u00e1n m\u00e1s en una persona que se les parece, tanto en historia personal, como en el esfuerzo con que ha superado las dificultades de la vida? \u00bfO se ver\u00e1n interpretados de mejor forma por quien aparenta tener todas las cosas resueltas, y que har\u00e1 todo lo necesario para conseguir lo que quiere?<br>\u00bfSe acuerdan de la se\u00f1ora Juanita?, para los m\u00e1s j\u00f3venes, sal\u00eda en la franja electoral del No<br>en el plebiscito del 88\u2019. Bueno, ac\u00e1 estamos por saber por qui\u00e9n votar\u00e1 en noviembre la se\u00f1ora Juanita y su familia. De esta ecuaci\u00f3n s\u00f3lo sabemos c\u00f3mo votaron las principales candidaturas presidenciales del sector conservador, do\u00f1a Evelyn y Jos\u00e9 Kast, estuvieron por el S\u00ed. En tanto la candidata \u00fanica del progresismo, no vot\u00f3, ya que naci\u00f3 en 1974, cumpli\u00f3 los 18 reci\u00e9n en 1992.<br>Quien sepa transmitir seguridad y confianza en las familias trabajadoras, se alzar\u00e1 con el<br>triunfo en noviembre. Esperemos que se hagan propuestas sensatas y serias a los trabajadores y<br>trabajadoras de Chile, y que se brinde la tranquilidad y estabilidad que el pa\u00eds necesita.<br>Ernesto Sep\u00falveda Tornero<\/p>\n","protected":false},"excerpt":{"rendered":"<p>Como todos los fines de mes, los supermercados se llenan de familias de trabajadores (as) quereci\u00e9n han recibido sus sueldos. Es un momento \u00fanico del mes, en que con justa&#8230; <a class=\"read-more\" href=\"https:\/\/www.radiopresidenteibanez.cl\/web\/suenos-y-temores-de-la-familia-trabajadora\/\">Leer m\u00e1s<\/a><\/p>\n","protected":false},"author":2,"featured_media":58579,"comment_status":"closed","ping_status":"closed","sticky":false,"template":"","format":"standard","meta":{"footnotes":""},"categories":[1],"tags":[],"class_list":["post-58578","post","type-post","status-publish","format-standard","has-post-thumbnail","hentry","category-cronica"],"_links":{"self":[{"href":"https:\/\/www.radiopresidenteibanez.cl\/web\/wp-json\/wp\/v2\/posts\/58578","targetHints":{"allow":["GET"]}}],"collection":[{"href":"https:\/\/www.radiopresidenteibanez.cl\/web\/wp-json\/wp\/v2\/posts"}],"about":[{"href":"https:\/\/www.radiopresidenteibanez.cl\/web\/wp-json\/wp\/v2\/types\/post"}],"author":[{"embeddable":true,"href":"https:\/\/www.radiopresidenteibanez.cl\/web\/wp-json\/wp\/v2\/users\/2"}],"replies":[{"embeddable":true,"href":"https:\/\/www.radiopresidenteibanez.cl\/web\/wp-json\/wp\/v2\/comments?post=58578"}],"version-history":[{"count":0,"href":"https:\/\/www.radiopresidenteibanez.cl\/web\/wp-json\/wp\/v2\/posts\/58578\/revisions"}],"wp:featuredmedia":[{"embeddable":true,"href":"https:\/\/www.radiopresidenteibanez.cl\/web\/wp-json\/wp\/v2\/media\/58579"}],"wp:attachment":[{"href":"https:\/\/www.radiopresidenteibanez.cl\/web\/wp-json\/wp\/v2\/media?parent=58578"}],"wp:term":[{"taxonomy":"category","embeddable":true,"href":"https:\/\/www.radiopresidenteibanez.cl\/web\/wp-json\/wp\/v2\/categories?post=58578"},{"taxonomy":"post_tag","embeddable":true,"href":"https:\/\/www.radiopresidenteibanez.cl\/web\/wp-json\/wp\/v2\/tags?post=58578"}],"curies":[{"name":"wp","href":"https:\/\/api.w.org\/{rel}","templated":true}]}}