{"id":58575,"date":"2025-08-31T14:13:00","date_gmt":"2025-08-31T17:13:00","guid":{"rendered":"https:\/\/www.radiopresidenteibanez.cl\/web\/?p=58575"},"modified":"2025-08-31T12:04:29","modified_gmt":"2025-08-31T15:04:29","slug":"dialogos-por-el-bienestar-de-las-juventudes-ya-se-iniciaron-en-magallanes","status":"publish","type":"post","link":"https:\/\/www.radiopresidenteibanez.cl\/web\/dialogos-por-el-bienestar-de-las-juventudes-ya-se-iniciaron-en-magallanes\/","title":{"rendered":"\u201cDi\u00e1logos por el Bienestar de las Juventudes\u201d ya se iniciaron en Magallanes"},"content":{"rendered":"\n<p>En Punta Arenas se dio inicio a los Di\u00e1logos por el Bienestar de las Juventudes, una<br>iniciativa impulsada por el Servicio Nacional para la Prevenci\u00f3n y Rehabilitaci\u00f3n del<br>Consumo de Drogas y Alcohol, SENDA y el Instituto Nacional de la Juventud, INJUV, que<br>convoca a j\u00f3venes de todo el pa\u00eds a conversar sobre su realidad, sus preocupaciones y los<br>factores que influyen en su calidad de vida.<br>El primer encuentro regional se desarroll\u00f3 en el Instituto Superior de Comercio, INSUCO<br>de Punta Arenas con estudiantes de tercero medio, en una jornada marcada por la<br>reflexi\u00f3n y la participaci\u00f3n activa de las y los j\u00f3venes, quienes dialogaron en torno a los<br>resultados de la Encuesta Juventud y Bienestar 2024.<br>Entre sus hallazgos nacionales, se destaca que uno de cada tres estudiantes declara<br>dificultades para recibir cari\u00f1o y calidez de sus padres o madres, mientras que quienes<br>reportan bajo control parental presentan mayores consumos de alcohol y marihuana.<br>Pese a ello, la mayor\u00eda (70%) se declara feliz o muy feliz, aunque persisten s\u00edntomas como<br>la soledad, que afectan directamente la salud mental.<br>Como resultado del proceso desarrollado en Magallanes, la Encuesta fue aplicada en 30<br>establecimientos educacionales de 4 comunas de Magallanes y Ant\u00e1rtica Chilena. En total,<br>se validaron 1.483 encuestas, lo que representa un hito en la generaci\u00f3n de datos para el<br>an\u00e1lisis de la realidad juvenil en la regi\u00f3n.<br>La mayor\u00eda declar\u00f3 sentirse feliz y conforme con su vida, y buena parte se siente<br>conectada con sus estudios. Sin embargo, estas percepciones conviven con datos como el<br>malestar emocional, la baja autoestima o las dificultades para recibir o expresar cari\u00f1o<br>con personas adultas cercanas<\/p>\n\n\n\n<p>El director regional (s) de SENDA, \u00c1lvaro D\u00edaz Roa, destac\u00f3 que estos espacios son<br>fundamentales para profundizar en los resultados: \u201cLa prevenci\u00f3n no se construye solo<br>con estad\u00edsticas, sino tambi\u00e9n con escucha activa. Estos di\u00e1logos nos permiten conocer de<\/p>\n\n\n\n<p>primera fuente c\u00f3mo viven las y los j\u00f3venes, qu\u00e9 esperan y cu\u00e1les son sus propuestas para<br>sentirse mejor y m\u00e1s acompa\u00f1adas y acompa\u00f1ados\u201d.<br>Por su parte, el coordinador de SENDA Previene Punta Arenas, de la Delegaci\u00f3n<br>Presidencial Regional, Esteban Maldonado, valor\u00f3 la alianza interinstitucional que da vida<br>a la iniciativa: \u201cEste trabajo conjunto con INJUV refleja el compromiso del Gobierno de<br>abrir espacios seguros y participativos para las juventudes. Queremos que en cada<br>comuna los y las estudiantes se sientan escuchadas y escuchados y parte de la<br>construcci\u00f3n de pol\u00edticas preventivas\u201d.<br>La directora regional de INJUV, Carla Cifuentes Vladilo, enfatiz\u00f3 la relevancia del<br>protagonismo juvenil: \u201cLas y los j\u00f3venes son los principales actores de este proceso.<br>Nuestro rol es acompa\u00f1arles y asegurar que tengan voz en las decisiones que impactan en<br>su bienestar. Estos di\u00e1logos son un ejercicio de participaci\u00f3n real, que les devuelve<br>informaci\u00f3n y, al mismo tiempo, les abre un espacio para transformar esa realidad\u201d.<br>Los Di\u00e1logos por el Bienestar de las Juventudes se desarrollar\u00e1n en distintas comunas de<br>Magallanes durante las pr\u00f3ximas semanas, sum\u00e1ndose a una ruta nacional que recorrer\u00e1<br>todas las regiones del pa\u00eds entre agosto y septiembre, consolidando una agenda de<br>trabajo conjunta entre SENDA e INJUV para el fortalecimiento del bienestar juvenil.<\/p>\n","protected":false},"excerpt":{"rendered":"<p>En Punta Arenas se dio inicio a los Di\u00e1logos por el Bienestar de las Juventudes, unainiciativa impulsada por el Servicio Nacional para la Prevenci\u00f3n y Rehabilitaci\u00f3n delConsumo de Drogas y&#8230; <a class=\"read-more\" href=\"https:\/\/www.radiopresidenteibanez.cl\/web\/dialogos-por-el-bienestar-de-las-juventudes-ya-se-iniciaron-en-magallanes\/\">Leer m\u00e1s<\/a><\/p>\n","protected":false},"author":2,"featured_media":58576,"comment_status":"closed","ping_status":"closed","sticky":false,"template":"","format":"standard","meta":{"footnotes":""},"categories":[1],"tags":[],"class_list":["post-58575","post","type-post","status-publish","format-standard","has-post-thumbnail","hentry","category-cronica"],"_links":{"self":[{"href":"https:\/\/www.radiopresidenteibanez.cl\/web\/wp-json\/wp\/v2\/posts\/58575","targetHints":{"allow":["GET"]}}],"collection":[{"href":"https:\/\/www.radiopresidenteibanez.cl\/web\/wp-json\/wp\/v2\/posts"}],"about":[{"href":"https:\/\/www.radiopresidenteibanez.cl\/web\/wp-json\/wp\/v2\/types\/post"}],"author":[{"embeddable":true,"href":"https:\/\/www.radiopresidenteibanez.cl\/web\/wp-json\/wp\/v2\/users\/2"}],"replies":[{"embeddable":true,"href":"https:\/\/www.radiopresidenteibanez.cl\/web\/wp-json\/wp\/v2\/comments?post=58575"}],"version-history":[{"count":0,"href":"https:\/\/www.radiopresidenteibanez.cl\/web\/wp-json\/wp\/v2\/posts\/58575\/revisions"}],"wp:featuredmedia":[{"embeddable":true,"href":"https:\/\/www.radiopresidenteibanez.cl\/web\/wp-json\/wp\/v2\/media\/58576"}],"wp:attachment":[{"href":"https:\/\/www.radiopresidenteibanez.cl\/web\/wp-json\/wp\/v2\/media?parent=58575"}],"wp:term":[{"taxonomy":"category","embeddable":true,"href":"https:\/\/www.radiopresidenteibanez.cl\/web\/wp-json\/wp\/v2\/categories?post=58575"},{"taxonomy":"post_tag","embeddable":true,"href":"https:\/\/www.radiopresidenteibanez.cl\/web\/wp-json\/wp\/v2\/tags?post=58575"}],"curies":[{"name":"wp","href":"https:\/\/api.w.org\/{rel}","templated":true}]}}