{"id":58572,"date":"2025-08-31T12:01:28","date_gmt":"2025-08-31T15:01:28","guid":{"rendered":"https:\/\/www.radiopresidenteibanez.cl\/web\/?p=58572"},"modified":"2025-08-31T12:01:57","modified_gmt":"2025-08-31T15:01:57","slug":"indh-magallanes-y-teatro-la-ultima-presentan-unanueva-funcion-de-la-obra-la-orden-en-memoria-de-ricardo-harex-gonzalez","status":"publish","type":"post","link":"https:\/\/www.radiopresidenteibanez.cl\/web\/indh-magallanes-y-teatro-la-ultima-presentan-unanueva-funcion-de-la-obra-la-orden-en-memoria-de-ricardo-harex-gonzalez\/","title":{"rendered":"INDH Magallanes y Teatro La \u00daltima presentan unanueva funci\u00f3n de la obra \u00abLa Orden: en memoria de Ricardo Harex Gonzalez"},"content":{"rendered":"\n<p>En el marco de la conmemoraci\u00f3n del D\u00eda Internacional de las V\u00edctimas de<br>Desapariciones Forzadas, el Instituto Nacional de Derechos Humanos sede Magallanes<br>junto a Teatro La \u00daltima presentan una nueva funci\u00f3n de la obra \u00abLa Orden: en memoria de<br>Ricardo H\u00e1rex Gonz\u00e1lez\u00bb, producci\u00f3n de teatro documental que aborda uno de los casos de<br>desaparici\u00f3n m\u00e1s dolorosos y vigentes de la Regi\u00f3n de Magallanes. Caso cuya<br>investigaci\u00f3n fue cerrada recientemente, a poco de cumplirse 24 a\u00f1os de la desaparici\u00f3n<br>del joven estudiante salesiano.<br>\u00abEsta obra de teatro se enmarca en una relevante fecha, la cual es la conmemoraci\u00f3n del<br>d\u00eda internacional de las v\u00edctimas de desapariciones forzadas, por lo tanto que nos demos<br>esta oportunidad no es casualidad. La memoria de Ricardo nos debe hacer reflexionar<br>acerca de la fragilidad de nuestro sistema y como esta deuda que tenemos con \u00e9l y su<br>familia representa un vac\u00edo que nos debe golpear nuestras conciencias. M\u00e1s all\u00e1 de los<br>titulares, de las noticias judiciales y del rol de las instituciones, no debemos olvidar nunca la<br>angustia de su familia, de sus amigos, de su entorno y de la necesidad de respuestas claras<br>y concretas. Como comunidad tenemos la obligaci\u00f3n de no bajar los brazos y seguir<br>insistiendo en esta b\u00fasqueda de verdad. Nosotros como INDH hemos apelado ante el<br>reciente anuncio del cierre del sumario. Creemos como parte querellante, que a\u00fan hay<br>diligencias que se deben agotar. No obstante, m\u00e1s all\u00e1 de aquello volvemos a reafirmar la<br>importancia de exigir justicia y no olvido. Creo que esta obra nos invita a aquello, a no<br>perder la esperanza y a invitar a la comunidad a la solidaridad y a la memoria\u00bb, se refiri\u00f3<br>Cristian Figueroa Fuentealba, jefe de la sede regional del INDH Magallanes.<br>\ufffd\ufffd Liceo Sara Braun, Punta Arenas<br>\ufffd\ufffd\ufe0f S\u00e1bado 30 de agosto<br>\ufffd\ufffd 19:00 horas<br>\ufffd\ufffd\ufe0f Entrada gratuita<br>\u27a1\ufe0f Financiada por el Instituto Nacional de Derechos Humanos (INDH)<br>La obra La Orden fue estrenada en dos funciones, el pasado mes de abril, en el Centro<br>Cultural Claudio Paredes Chamorro. Tambi\u00e9n se present\u00f3 en Puerto Natales y Porvenir.<\/p>\n\n\n\n<p>Este s\u00e1bado, 30 de agosto, se presentar\u00e1 por tercera vez en Punta Arenas, un montaje que<br>regresa para invitarnos a reflexionar sobre la memoria, la justicia y los derechos humanos<br>en nuestra comunidad.<br>La puesta en escena nos muestra un intenso di\u00e1logo entre un cardenal y un abogado en<br>Derecho Can\u00f3nico que se debaten entre la justicia, la responsabilidad de la iglesia cat\u00f3lica y<br>el desgarrador peso de la ausencia de quienes han sido desaparecidos.<br>Ficha art\u00edstica \u2013 La Orden<br>Direcci\u00f3n General: Cristi\u00e1n Bustamante Guerrero<br>Dramaturgia: Iv\u00e1n Fern\u00e1ndez Vidal<br>Elenco: Andr\u00e9s Guzm\u00e1n Soto y Alejandro Bradasic C\u00e1rdenas<br>Investigaci\u00f3n y colaboraci\u00f3n: Margot Gonz\u00e1lez, Rina D\u00edaz Jim\u00e9nez, Ver\u00f3nica Almonacid<br>Producci\u00f3n general: Natalia S\u00e1nchez Zamorano<br>Dise\u00f1o esc\u00e9nico: Yves Tomas<br>T\u00e9cnica: Jorge \u00abManzana\u00bb P\u00e9rez<br>Comunicaciones: Isabel Pe\u00f1a Norambuena<br>Financiamiento: Instituto Nacional de Derechos Humanos (INDH)<br>Las entradas son gratuitas y pueden ser retiradas, de 09:30 a 13:00 horas y de 15:00 a<br>17:00 horas, en calle Croacia #499, Punta Arenas. Tambi\u00e9n, es posible registrar su<br>asistencia ingresando al c\u00f3digo QR que aparece en el afiche publicado en las Redes<br>Sociales de La \u00faltima compa\u00f1\u00eda de teatro, en Instagram y Facebook.<\/p>\n","protected":false},"excerpt":{"rendered":"<p>En el marco de la conmemoraci\u00f3n del D\u00eda Internacional de las V\u00edctimas deDesapariciones Forzadas, el Instituto Nacional de Derechos Humanos sede Magallanesjunto a Teatro La \u00daltima presentan una nueva funci\u00f3n&#8230; <a class=\"read-more\" href=\"https:\/\/www.radiopresidenteibanez.cl\/web\/indh-magallanes-y-teatro-la-ultima-presentan-unanueva-funcion-de-la-obra-la-orden-en-memoria-de-ricardo-harex-gonzalez\/\">Leer m\u00e1s<\/a><\/p>\n","protected":false},"author":2,"featured_media":58573,"comment_status":"closed","ping_status":"closed","sticky":false,"template":"","format":"standard","meta":{"footnotes":""},"categories":[1],"tags":[],"class_list":["post-58572","post","type-post","status-publish","format-standard","has-post-thumbnail","hentry","category-cronica"],"_links":{"self":[{"href":"https:\/\/www.radiopresidenteibanez.cl\/web\/wp-json\/wp\/v2\/posts\/58572","targetHints":{"allow":["GET"]}}],"collection":[{"href":"https:\/\/www.radiopresidenteibanez.cl\/web\/wp-json\/wp\/v2\/posts"}],"about":[{"href":"https:\/\/www.radiopresidenteibanez.cl\/web\/wp-json\/wp\/v2\/types\/post"}],"author":[{"embeddable":true,"href":"https:\/\/www.radiopresidenteibanez.cl\/web\/wp-json\/wp\/v2\/users\/2"}],"replies":[{"embeddable":true,"href":"https:\/\/www.radiopresidenteibanez.cl\/web\/wp-json\/wp\/v2\/comments?post=58572"}],"version-history":[{"count":0,"href":"https:\/\/www.radiopresidenteibanez.cl\/web\/wp-json\/wp\/v2\/posts\/58572\/revisions"}],"wp:featuredmedia":[{"embeddable":true,"href":"https:\/\/www.radiopresidenteibanez.cl\/web\/wp-json\/wp\/v2\/media\/58573"}],"wp:attachment":[{"href":"https:\/\/www.radiopresidenteibanez.cl\/web\/wp-json\/wp\/v2\/media?parent=58572"}],"wp:term":[{"taxonomy":"category","embeddable":true,"href":"https:\/\/www.radiopresidenteibanez.cl\/web\/wp-json\/wp\/v2\/categories?post=58572"},{"taxonomy":"post_tag","embeddable":true,"href":"https:\/\/www.radiopresidenteibanez.cl\/web\/wp-json\/wp\/v2\/tags?post=58572"}],"curies":[{"name":"wp","href":"https:\/\/api.w.org\/{rel}","templated":true}]}}