{"id":58554,"date":"2025-08-29T10:45:00","date_gmt":"2025-08-29T13:45:00","guid":{"rendered":"https:\/\/www.radiopresidenteibanez.cl\/web\/?p=58554"},"modified":"2025-08-29T08:48:08","modified_gmt":"2025-08-29T11:48:08","slug":"mercado-blumar-celebra-a-los-dirigentes-sociales-con-clase-de-cocina","status":"publish","type":"post","link":"https:\/\/www.radiopresidenteibanez.cl\/web\/mercado-blumar-celebra-a-los-dirigentes-sociales-con-clase-de-cocina\/","title":{"rendered":"Mercado Blumar celebra a los dirigentes sociales con clase de cocina"},"content":{"rendered":"\n<p>En el marco del D\u00eda del Dirigente Social y Comunitario y de la conmemoraci\u00f3n del tercer aniversario de la tienda Mercado Blumar, el chef David Ojeda realiz\u00f3 una entretenida clase de cocina que reuni\u00f3 a representantes de diversas juntas de vecinos de Punta Arenas, en una actividad cargada de sabor, reconocimiento y compa\u00f1erismo.<br>La iniciativa fue organizada por Mercado Blumar junto a la Uni\u00f3n Comunal de Juntas de Vecinos<br>Hernando de Magallanes, con el prop\u00f3sito de agradecer el trabajo que realizan d\u00eda a d\u00eda los<br>dirigentes sociales en beneficio de la comunidad. Durante la jornada, los asistentes pudieron<br>compartir, aprender nuevas recetas y degustar preparaciones con productos del mar.<br>\u201cEstamos celebrando este d\u00eda a los dirigentes de la Uni\u00f3n Comunal Hernando de Magallanes, y<br>nos ha venido a hacer un peque\u00f1o cari\u00f1o esta gran empresa que es Blumar, con una degustaci\u00f3n<br>de salm\u00f3n y ceviche. Los dirigentes agradecidos con los regalitos con los que nos vinieron a<br>agasajar por todo el trabajo social que hacemos en el territorio. Agradecemos a Blumar, que a\u00f1o a<br>a\u00f1o nos apoya de diversas maneras\u201d coment\u00f3 la presidenta de la Uni\u00f3n Comunal Hernando de<br>Magallanes,<br>Raquel \u00c1lvarez, presidenta de la Uni\u00f3n Comunal Hernando de Magallanes.<br>Asimismo, la jefa da tienda Mercado Blumar, Trinidad Am\u00e9zaga, destac\u00f3 \u201cestamos muy felices de<br>haber terminado esta linda actividad. Tuvimos muy buena concurrencia: m\u00e1s de 30 dirigentes<br>vecinales que vinieron a compartir en esta clase con el chef de Mercado Blumar. Aprovechamos de<br>conversar, compartir y aprender nuevas recetas, un \u00e9xito total. Tambi\u00e9n dejamos invitados a<br>todos a visitar la tienda en este mes de aniversario. Una actividad que esperamos se repita en el<br>tiempo\u201d.<br>Agreg\u00f3 que, \u201ctenemos un lazo muy estrecho con la Uni\u00f3n Comunal. Blumar es una empresa que<br>ha estado apoyando la gesti\u00f3n de los dirigentes de la UNCO. Este mes tambi\u00e9n aportamos con<br>alimentos no perecibles para que puedan armar canastas familiares, que van en beneficio de las<br>familias m\u00e1s vulnerables\u201d, destac\u00f3 Trinidad Am\u00e9zaga, jefa de tienda Mercado Blumar.<br>Con esta actividad, Mercado Blumar refuerza su compromiso de estar cerca de la comunidad y de<br>quienes cumplen un rol social clave en el fortalecimiento del tejido vecinal de Magallanes.<\/p>\n","protected":false},"excerpt":{"rendered":"<p>En el marco del D\u00eda del Dirigente Social y Comunitario y de la conmemoraci\u00f3n del tercer aniversario de la tienda Mercado Blumar, el chef David Ojeda realiz\u00f3 una entretenida clase&#8230; <a class=\"read-more\" href=\"https:\/\/www.radiopresidenteibanez.cl\/web\/mercado-blumar-celebra-a-los-dirigentes-sociales-con-clase-de-cocina\/\">Leer m\u00e1s<\/a><\/p>\n","protected":false},"author":2,"featured_media":58555,"comment_status":"closed","ping_status":"closed","sticky":false,"template":"","format":"standard","meta":{"footnotes":""},"categories":[1],"tags":[],"class_list":["post-58554","post","type-post","status-publish","format-standard","has-post-thumbnail","hentry","category-cronica"],"_links":{"self":[{"href":"https:\/\/www.radiopresidenteibanez.cl\/web\/wp-json\/wp\/v2\/posts\/58554","targetHints":{"allow":["GET"]}}],"collection":[{"href":"https:\/\/www.radiopresidenteibanez.cl\/web\/wp-json\/wp\/v2\/posts"}],"about":[{"href":"https:\/\/www.radiopresidenteibanez.cl\/web\/wp-json\/wp\/v2\/types\/post"}],"author":[{"embeddable":true,"href":"https:\/\/www.radiopresidenteibanez.cl\/web\/wp-json\/wp\/v2\/users\/2"}],"replies":[{"embeddable":true,"href":"https:\/\/www.radiopresidenteibanez.cl\/web\/wp-json\/wp\/v2\/comments?post=58554"}],"version-history":[{"count":0,"href":"https:\/\/www.radiopresidenteibanez.cl\/web\/wp-json\/wp\/v2\/posts\/58554\/revisions"}],"wp:featuredmedia":[{"embeddable":true,"href":"https:\/\/www.radiopresidenteibanez.cl\/web\/wp-json\/wp\/v2\/media\/58555"}],"wp:attachment":[{"href":"https:\/\/www.radiopresidenteibanez.cl\/web\/wp-json\/wp\/v2\/media?parent=58554"}],"wp:term":[{"taxonomy":"category","embeddable":true,"href":"https:\/\/www.radiopresidenteibanez.cl\/web\/wp-json\/wp\/v2\/categories?post=58554"},{"taxonomy":"post_tag","embeddable":true,"href":"https:\/\/www.radiopresidenteibanez.cl\/web\/wp-json\/wp\/v2\/tags?post=58554"}],"curies":[{"name":"wp","href":"https:\/\/api.w.org\/{rel}","templated":true}]}}