{"id":58537,"date":"2025-08-28T17:06:00","date_gmt":"2025-08-28T20:06:00","guid":{"rendered":"https:\/\/www.radiopresidenteibanez.cl\/web\/?p=58537"},"modified":"2025-08-28T12:12:56","modified_gmt":"2025-08-28T15:12:56","slug":"universidad-de-magallanes-recibe-a-mas-de-600-estudiantes-secundarios-en-el-mes-de-la-educacion-tecnico-profesional","status":"publish","type":"post","link":"https:\/\/www.radiopresidenteibanez.cl\/web\/universidad-de-magallanes-recibe-a-mas-de-600-estudiantes-secundarios-en-el-mes-de-la-educacion-tecnico-profesional\/","title":{"rendered":"Universidad de Magallanes recibe a m\u00e1s de 600 estudiantes secundarios en el Mes de la Educaci\u00f3n T\u00e9cnico-Profesional"},"content":{"rendered":"\n<p>De manera exitosa, la Universidad de Magallanes (UMAG) desarroll\u00f3, durante esta semana, la segunda versi\u00f3n de las&nbsp;<strong><em>Jornadas Futuro UMAG: Construyendo trayectorias formativas<\/em><\/strong>, un encuentro enmarcado en el Mes de la Educaci\u00f3n T\u00e9cnico-Profesional que busca acercar a estudiantes que se forman en estos liceos a la experiencia universitaria, mediante actividades pr\u00e1cticas y la interacci\u00f3n con las 13 carreras t\u00e9cnicas que ofertar\u00e1 el plantel para su proceso de Admisi\u00f3n 2026 en las \u00e1reas de salud, educaci\u00f3n, energ\u00eda, administraci\u00f3n y turismo, tecnolog\u00eda, industria y construcci\u00f3n y ciencias y recursos naturales.<\/p>\n\n\n\n<p>Durante tres d\u00edas, alrededor de 600 estudiantes de Punta Arenas visitaron el Gimnasio Polideportivo de la UMAG, donde recorrieron los distintos stands de las carreras t\u00e9cnicas, participando en din\u00e1micas breves y actividades dise\u00f1adas para orientar su exploraci\u00f3n vocacional. Los establecimientos participantes fueron: Instituto Don Bosco, Liceo Mar\u00eda Behety, Instituto Sagrada Familia, Liceo Industrial Armando Quezada Achar\u00e1n, Liceo Sara Braun, Instituto Superior de Comercio y Liceo Polit\u00e9cnico Cardenal Ra\u00fal Silva Henr\u00edquez.<\/p>\n\n\n\n<p>La directora General de Acceso y Formaci\u00f3n Continua de la UMAG,&nbsp;<strong>Andrea Mansilla<\/strong>, destac\u00f3 la relevancia de esta actividad, destacando que \u201cesta jornada, que se enmarca en el Mes de la Educaci\u00f3n T\u00e9cnico-Profesional, busca conmemorar un hito en la formaci\u00f3n de muchos j\u00f3venes de nuestra comuna, quienes podr\u00e1n conocer toda nuestra oferta de carreras t\u00e9cnicas y vivir experiencias relacionadas con cada disciplina\u201d.<\/p>\n\n\n\n<p>Desde el Programa PACE UMAG,&nbsp;<strong>Sergio Gonz\u00e1lez<\/strong>&nbsp;enfatiz\u00f3 que esta muestra fue dise\u00f1ada para propiciar experiencias pr\u00e1cticas en cada stand. Seg\u00fan coment\u00f3 \u201cel objetivo es que las y los estudiantes conozcan en detalle esta oferta acad\u00e9mica de la UMAG en el \u00e1rea t\u00e9cnica y que esta instancia sea un apoyo para decidir lo que har\u00e1n al finalizar la ense\u00f1anza media y en su futuro\u201d.<\/p>\n\n\n\n<p>El seremi de Educaci\u00f3n,&nbsp;<strong>Valent\u00edn Aguilera<\/strong>, por su parte, subray\u00f3 el aporte de la UMAG a la articulaci\u00f3n educativa. \u201cValoramos esta instancia en la cual la Universidad abre sus dependencias para dar a conocer la oferta de sus carreras t\u00e9cnicas, generando la posibilidad de dar continuidad a los estudios y fortaleciendo la educaci\u00f3n superior en la regi\u00f3n\u201d, manifest\u00f3.<\/p>\n\n\n\n<p>La casa de estudios tambi\u00e9n despleg\u00f3 informaci\u00f3n respecto a los servicios y ayuda al estudiantado que est\u00e1 pensando en ingresar a la educaci\u00f3n superior. El trabajador social de la Direcci\u00f3n de Bienestar y Desarrollo Estudiantil,&nbsp;<strong>Felipe Mansilla<\/strong>, se\u00f1al\u00f3 que \u201cesta iniciativa permite difundir todos los dispositivos con lo que nosotros trabajamos para que el estudiante est\u00e9 conforme, a gusto y vea el tema de salud y beneficios estudiantiles dentro de la Universidad\u201d.<\/p>\n\n\n\n<p><strong>Oportunidades para el futuro<\/strong><\/p>\n\n\n\n<p>Pero fueron los propios estudiantes quienes m\u00e1s valoraron la experiencia.&nbsp;<strong>Jade Navarro<\/strong>, del Liceo Mar\u00eda Behety, se\u00f1al\u00f3: \u201cEstas ferias ayudan demasiado porque a veces uno se cierra en una sola opci\u00f3n y aqu\u00ed se da cuenta de que quiz\u00e1s lo otro tambi\u00e9n le gusta. Es una muy buena oportunidad para saber qu\u00e9 es lo que realmente uno quiere elegir a futuro\u201d.<\/p>\n\n\n\n<p>Su compa\u00f1era de liceo,&nbsp;<strong>Javiera \u00c1lvarez,<\/strong>&nbsp;igualmente se mostr\u00f3 satisfecha con la instancia, incluso pensando en estudiar T\u00e9cnico de Nivel Superior en Educaci\u00f3n Parvularia y despu\u00e9s Fonoaudiolog\u00eda. \u201cEncuentro que es muy bueno que hagan estas ferias, ya que conocemos de qu\u00e9 se trata, nos dan las mallas, y vemos todo lo que nos ofrecen\u201d, opin\u00f3.<\/p>\n\n\n\n<p>Del Instituto Don Bosco, su orientador&nbsp;<strong>Edgardo Molina<\/strong>, expres\u00f3 que \u201ces interesante venir a este tipo de actividades porque se les abre un abanico a los j\u00f3venes (\u2026) Gran porcentaje de los j\u00f3venes que tenemos se van a quedar en la regi\u00f3n y es importante que conozcan todas las alternativas que tienen\u201d.<\/p>\n","protected":false},"excerpt":{"rendered":"<p>De manera exitosa, la Universidad de Magallanes (UMAG) desarroll\u00f3, durante esta semana, la segunda versi\u00f3n de las&nbsp;Jornadas Futuro UMAG: Construyendo trayectorias formativas, un encuentro enmarcado en el Mes de la&#8230; <a class=\"read-more\" href=\"https:\/\/www.radiopresidenteibanez.cl\/web\/universidad-de-magallanes-recibe-a-mas-de-600-estudiantes-secundarios-en-el-mes-de-la-educacion-tecnico-profesional\/\">Leer m\u00e1s<\/a><\/p>\n","protected":false},"author":2,"featured_media":58538,"comment_status":"closed","ping_status":"closed","sticky":false,"template":"","format":"standard","meta":{"footnotes":""},"categories":[1],"tags":[],"class_list":["post-58537","post","type-post","status-publish","format-standard","has-post-thumbnail","hentry","category-cronica"],"_links":{"self":[{"href":"https:\/\/www.radiopresidenteibanez.cl\/web\/wp-json\/wp\/v2\/posts\/58537","targetHints":{"allow":["GET"]}}],"collection":[{"href":"https:\/\/www.radiopresidenteibanez.cl\/web\/wp-json\/wp\/v2\/posts"}],"about":[{"href":"https:\/\/www.radiopresidenteibanez.cl\/web\/wp-json\/wp\/v2\/types\/post"}],"author":[{"embeddable":true,"href":"https:\/\/www.radiopresidenteibanez.cl\/web\/wp-json\/wp\/v2\/users\/2"}],"replies":[{"embeddable":true,"href":"https:\/\/www.radiopresidenteibanez.cl\/web\/wp-json\/wp\/v2\/comments?post=58537"}],"version-history":[{"count":0,"href":"https:\/\/www.radiopresidenteibanez.cl\/web\/wp-json\/wp\/v2\/posts\/58537\/revisions"}],"wp:featuredmedia":[{"embeddable":true,"href":"https:\/\/www.radiopresidenteibanez.cl\/web\/wp-json\/wp\/v2\/media\/58538"}],"wp:attachment":[{"href":"https:\/\/www.radiopresidenteibanez.cl\/web\/wp-json\/wp\/v2\/media?parent=58537"}],"wp:term":[{"taxonomy":"category","embeddable":true,"href":"https:\/\/www.radiopresidenteibanez.cl\/web\/wp-json\/wp\/v2\/categories?post=58537"},{"taxonomy":"post_tag","embeddable":true,"href":"https:\/\/www.radiopresidenteibanez.cl\/web\/wp-json\/wp\/v2\/tags?post=58537"}],"curies":[{"name":"wp","href":"https:\/\/api.w.org\/{rel}","templated":true}]}}