{"id":58531,"date":"2025-08-28T14:11:00","date_gmt":"2025-08-28T17:11:00","guid":{"rendered":"https:\/\/www.radiopresidenteibanez.cl\/web\/?p=58531"},"modified":"2025-08-28T11:48:45","modified_gmt":"2025-08-28T14:48:45","slug":"camara-chilena-construccion-magallanes-plantea-urgencias-del-sector-construccion-a-candidata-presidencial-jeannette-jara","status":"publish","type":"post","link":"https:\/\/www.radiopresidenteibanez.cl\/web\/camara-chilena-construccion-magallanes-plantea-urgencias-del-sector-construccion-a-candidata-presidencial-jeannette-jara\/","title":{"rendered":"Camara Chilena Construccion Magallanes plantea urgencias del sector construcci\u00f3n a candidata presidencial Jeannette Jara"},"content":{"rendered":"\n<p>El Consejo Regional de la C\u00e1mara Chilena de la Construcci\u00f3n (CChC) Magallanes sostuvo una reuni\u00f3n con la candidata presidencial Jeannette Jara, en el marco de su visita a la regi\u00f3n. Durante el encuentro, la CChC expuso las principales inquietudes del gremio, organizadas en cinco ejes clave: infraestructura, vivienda, desarrollo del hidr\u00f3geno y amon\u00edaco verde, modernizaci\u00f3n del Estado y sostenibilidad de la industria.<\/p>\n\n\n\n<p>\u201cComo gremio, seguiremos siendo firmes promotores del di\u00e1logo, la colaboraci\u00f3n y la construcci\u00f3n de acuerdos en favor del bien com\u00fan. Por ello, estamos abiertos a reunirnos con todos los candidatos presidenciales, con el objetivo de presentarles nuestras propuestas para construir, en conjunto, un futuro mejor para Magallanes, con el apoyo del sector p\u00fablico y privado, y el compromiso de todos los actores involucrados. En esta ocasi\u00f3n, en el marco de su visita a la regi\u00f3n, expusimos a la candidata Jeannette Jara nuestras principales inquietudes, centradas en el crecimiento econ\u00f3mico y el bienestar social. Ambos desaf\u00edos requieren avanzar con urgencia en la eliminaci\u00f3n de la excesiva permisolog\u00eda y en el fortalecimiento de la certeza jur\u00eddica\u201d, se\u00f1al\u00f3 Crist\u00f3bal Bascu\u00f1\u00e1n, presidente de la CChC Magallanes.<\/p>\n\n\n\n<p>Bascu\u00f1\u00e1n enfatiz\u00f3 que la infraestructura no debe ser entendida solo como obras f\u00edsicas, sino como un factor clave para la inversi\u00f3n y el desarrollo regional. En este sentido, inst\u00f3 a asegurar el financiamiento del Plan Especial de Zonas Extremas e impulsar la iniciativa \u201cChile por Chile\u201d. En materia habitacional, el gremio llam\u00f3 a dar continuidad al Plan de Emergencia Habitacional, refocalizar la pol\u00edtica en este \u00e1mbito, revisar el ordenamiento territorial, asegurar disponibilidad de suelo y reevaluar los instrumentos de medici\u00f3n de los programas de subsidios. Respecto a nuevas industrias, como la del hidr\u00f3geno verde, la CChC Magallanes recalc\u00f3 la necesidad de contar con infraestructura habilitante que permita avanzar con proyectos de energ\u00edas limpias.<\/p>\n\n\n\n<p>Por su parte, la candidata Jeannette Jara recibi\u00f3 de manera positiva las propuestas presentadas por el gremio, reafirmando su compromiso con asegurar el financiamiento del Plan Especial de Zonas Extremas (PEDZE), dar continuidad al Plan de Emergencia Habitacional y avanzar en el fortalecimiento de la infraestructura que permita mejorar la conectividad y competitividad regional, como el proyecto interregional \u201cChile por Chile\u201d. Asimismo, subray\u00f3 la importancia de estas iniciativas para el desarrollo equilibrado del pa\u00eds.<\/p>\n\n\n\n<p>Al finalizar la reuni\u00f3n, la CChC Magallanes entreg\u00f3 a la candidata presidencial dos publicaciones:&nbsp;<em>\u00abLas 60 propuestas para Chile\u00bb<\/em>, un compendio de iniciativas orientadas a impulsar un pa\u00eds con m\u00e1s viviendas, mejor infraestructura y desarrollo sostenible; y&nbsp;<em>\u00abPunta Arenas: la ciudad que queremos\u00bb<\/em>, una propuesta elaborada por la C\u00e1mara regional con la participaci\u00f3n de autoridades locales, el mundo acad\u00e9mico, la sociedad civil y gremios empresariales, que incluy\u00f3 un diagn\u00f3stico territorial y culmin\u00f3 en la formulaci\u00f3n de seis propuestas urbanas para la capital regional.<\/p>\n\n\n\n<p>Posteriormente, en declaraciones a los medios de comunicaci\u00f3n, la aspirante a La Moneda dio a conocer una serie de propuestas orientadas a fortalecer el empleo. Entre ellas, destac\u00f3 la implementaci\u00f3n de la jornada laboral de 40 horas en el sector p\u00fablico y la creaci\u00f3n de una sala cuna universal.<\/p>\n","protected":false},"excerpt":{"rendered":"<p>El Consejo Regional de la C\u00e1mara Chilena de la Construcci\u00f3n (CChC) Magallanes sostuvo una reuni\u00f3n con la candidata presidencial Jeannette Jara, en el marco de su visita a la regi\u00f3n&#8230;. <a class=\"read-more\" href=\"https:\/\/www.radiopresidenteibanez.cl\/web\/camara-chilena-construccion-magallanes-plantea-urgencias-del-sector-construccion-a-candidata-presidencial-jeannette-jara\/\">Leer m\u00e1s<\/a><\/p>\n","protected":false},"author":2,"featured_media":58532,"comment_status":"closed","ping_status":"closed","sticky":false,"template":"","format":"standard","meta":{"footnotes":""},"categories":[1],"tags":[],"class_list":["post-58531","post","type-post","status-publish","format-standard","has-post-thumbnail","hentry","category-cronica"],"_links":{"self":[{"href":"https:\/\/www.radiopresidenteibanez.cl\/web\/wp-json\/wp\/v2\/posts\/58531","targetHints":{"allow":["GET"]}}],"collection":[{"href":"https:\/\/www.radiopresidenteibanez.cl\/web\/wp-json\/wp\/v2\/posts"}],"about":[{"href":"https:\/\/www.radiopresidenteibanez.cl\/web\/wp-json\/wp\/v2\/types\/post"}],"author":[{"embeddable":true,"href":"https:\/\/www.radiopresidenteibanez.cl\/web\/wp-json\/wp\/v2\/users\/2"}],"replies":[{"embeddable":true,"href":"https:\/\/www.radiopresidenteibanez.cl\/web\/wp-json\/wp\/v2\/comments?post=58531"}],"version-history":[{"count":0,"href":"https:\/\/www.radiopresidenteibanez.cl\/web\/wp-json\/wp\/v2\/posts\/58531\/revisions"}],"wp:featuredmedia":[{"embeddable":true,"href":"https:\/\/www.radiopresidenteibanez.cl\/web\/wp-json\/wp\/v2\/media\/58532"}],"wp:attachment":[{"href":"https:\/\/www.radiopresidenteibanez.cl\/web\/wp-json\/wp\/v2\/media?parent=58531"}],"wp:term":[{"taxonomy":"category","embeddable":true,"href":"https:\/\/www.radiopresidenteibanez.cl\/web\/wp-json\/wp\/v2\/categories?post=58531"},{"taxonomy":"post_tag","embeddable":true,"href":"https:\/\/www.radiopresidenteibanez.cl\/web\/wp-json\/wp\/v2\/tags?post=58531"}],"curies":[{"name":"wp","href":"https:\/\/api.w.org\/{rel}","templated":true}]}}