{"id":58527,"date":"2025-08-28T12:12:00","date_gmt":"2025-08-28T15:12:00","guid":{"rendered":"https:\/\/www.radiopresidenteibanez.cl\/web\/?p=58527"},"modified":"2025-08-28T11:20:37","modified_gmt":"2025-08-28T14:20:37","slug":"nueva-resolucion-consagra-espacios-protegidos-para-mujeres-embarazadas-privadas-de-libertad","status":"publish","type":"post","link":"https:\/\/www.radiopresidenteibanez.cl\/web\/nueva-resolucion-consagra-espacios-protegidos-para-mujeres-embarazadas-privadas-de-libertad\/","title":{"rendered":"NUEVA RESOLUCI\u00d3N CONSAGRA ESPACIOS PROTEGIDOS PARA MUJERES EMBARAZADAS PRIVADAS DE LIBERTAD"},"content":{"rendered":"\n<p>En una sesi\u00f3n telem\u00e1tica, la Mesa Regional de Seguimiento de Mujeres Privadas de Libertad<br>Embarazadas con Hijos Lactantes inform\u00f3 esta semana en detalle los nuevos est\u00e1ndares que<br>establece la Resoluci\u00f3n Exenta N.\u00ba 1426 (4 de marzo de 2025), que aborda la operaci\u00f3n de los<br>espacios materno infantiles en las unidades penitenciarias de todo el pa\u00eds, como forma parte del<br>\u201cPlan de Mejora de Condiciones Carcelarias para Mujeres\u201d del Ministerio de Justicia y Derechos<br>Humanos.<br>As\u00ed lo destac\u00f3 la Seremi de Justicia y Derechos Humanos, quien lidera esta instancia<br>interinstitucional, en la que participan la SEREM\u00cdA de Salud, Gendarmer\u00eda, Servicio de Salud<br>Magallanes, Defensor\u00eda Penal P\u00fablica, Instituto Nacional de Derechos Humanos (INDH) y la<br>Defensor\u00eda de la Ni\u00f1ez. Este esfuerzo apunta a mejorar las condiciones de reclusi\u00f3n de mujeres<br>gestantes privadas de libertad y sus hijos(as) menores de dos a\u00f1os, a una mayor sensibilizaci\u00f3n del<br>personal penitenciario y a un resguardo de su atenci\u00f3n m\u00e9dica y fortalecimiento del v\u00ednculo<br>materno-infantil.<br>Al respecto, se hizo una bajada de esta nueva normativa desde el nivel central, abordando en<br>detalle algunas disposiciones referidas a c\u00f3mo se ingresar\u00e1 y se utilizar\u00e1 una secci\u00f3n materna<br>infantil. Todo esto, bajo el principio rector de garantizar en todo momento un trato humano y<br>respetar la dignidad inherente de las personas gestantes y\/o con ni\u00f1os(as) lactantes que<br>permanezcan privadas de libertad, de acuerdo a est\u00e1ndares internacionales en la materia (Unicef).<br>\u201cEsta resoluci\u00f3n exenta, en el fondo, viene a proveer las&nbsp;instrucciones al personal de Gendarmer\u00eda<br>respecto al trato que deben tener&nbsp;las personas y adolescentes gestantes o con ni\u00f1os(as) lactantes y<br>el funcionamiento&nbsp;de la misma secci\u00f3n materno infantil. Su definici\u00f3n es poder tener un espacio<br>diferenciado dentro de un establecimiento&nbsp;penitenciario, que cuente con una infraestructura<br>acondicionada y equipada&nbsp;adecuadamente, para poder recibir a personas gestantes con sus<br>hijos(as) y con&nbsp;acceso a espacios seguros para ni\u00f1os(as) que permitan su estimulaci\u00f3n temprana,<br>debiendo todas&nbsp;las regiones del pa\u00eds contar con al menos una secci\u00f3n materna infantil&nbsp;para esta<br>poblaci\u00f3n de especial protecci\u00f3n\u201d, subray\u00f3.<br>Dentro de las priorizaciones, clasificaci\u00f3n y segmentaci\u00f3n, el documento se centra en&nbsp;ingresos y<br>egresos de la secci\u00f3n materno infantil, aborda el tema de los&nbsp;procedimientos penitenciarios,<br>regula el tema de salidas, traslados, r\u00e9gimen interno, registros, allanamientos, visitas,<\/p>\n\n\n\n<p>encomiendas, el uso de la fuerza, r\u00e9gimen disciplinario y&nbsp;situaciones de emergencia. Adem\u00e1s<br>contempla infraestructura penitenciaria, promoci\u00f3n&nbsp;y capacitaci\u00f3n de los funcionarios que<br>trabajar\u00e1n&nbsp;en esa secci\u00f3n.<br>Un aspecto novedoso dice relaci\u00f3n ante casos de traslados operativos de personas gestantes<br>(Art\u00edculos 22-24), en que a nivel regional o interregional se considerar\u00e1 la condici\u00f3n de embarazo y<br>variables t\u00e9cnico-penitenciarias para determinar la unidad penitenciaria de destino. La medida no<br>se ejecutar\u00e1 si sus condiciones de salud no permiten realizarla sin riesgo para su embarazo, vida o<br>integridad personal.<br>Cuando se trate de traslados fuera de la regi\u00f3n, \u00e9stos se har\u00e1n preferentemente por v\u00eda a\u00e9rea en<br>vuelo directo. En tanto, los traslados terrestres no podr\u00e1n superar un m\u00e1ximo de seis horas, y con<br>al menos una detenci\u00f3n para descanso, lactancia y uso de servicios higi\u00e9nicos. En salidas o<br>traslados al exterior de madres con ni\u00f1os(as) lactantes se realizar\u00e1n en veh\u00edculos distintos a los de<br>Gendarmer\u00eda, sin usar las medidas de coerci\u00f3n, descartando adem\u00e1s el uso de chaleco amarillo.<br>La autoridad sectorial enfatiz\u00f3 que \u201cen el fondo, esto es parte del trabajo que ha marcado el sello<br>de nuestra gesti\u00f3n y una de las prioridades desde que asumimos, que no se hab\u00eda visto antes, que<br>es reducir la brecha de g\u00e9nero al interior de las unidades penales. Particularmente de Punta<br>Arenas, donde se aloja la mayor cantidad de la poblaci\u00f3n femenina, y cuya realidad estaba un<br>tanto postergada. Al respecto, no s\u00f3lo trabajamos en la renovaci\u00f3n de la Secci\u00f3n Femenina, sino<br>tambi\u00e9n en la ampliaci\u00f3n de convenios para poder desarrollar un trabajo de reinserci\u00f3n con la<br>poblaci\u00f3n penal. Y hoy d\u00eda, se traduce tambi\u00e9n en hacernos cargo de la realidad de las mujeres que<br>se encuentran privadas de libertad con lactantes\u201d.<\/p>\n","protected":false},"excerpt":{"rendered":"<p>En una sesi\u00f3n telem\u00e1tica, la Mesa Regional de Seguimiento de Mujeres Privadas de LibertadEmbarazadas con Hijos Lactantes inform\u00f3 esta semana en detalle los nuevos est\u00e1ndares queestablece la Resoluci\u00f3n Exenta N.\u00ba&#8230; <a class=\"read-more\" href=\"https:\/\/www.radiopresidenteibanez.cl\/web\/nueva-resolucion-consagra-espacios-protegidos-para-mujeres-embarazadas-privadas-de-libertad\/\">Leer m\u00e1s<\/a><\/p>\n","protected":false},"author":2,"featured_media":58528,"comment_status":"closed","ping_status":"closed","sticky":false,"template":"","format":"standard","meta":{"footnotes":""},"categories":[1],"tags":[],"class_list":["post-58527","post","type-post","status-publish","format-standard","has-post-thumbnail","hentry","category-cronica"],"_links":{"self":[{"href":"https:\/\/www.radiopresidenteibanez.cl\/web\/wp-json\/wp\/v2\/posts\/58527","targetHints":{"allow":["GET"]}}],"collection":[{"href":"https:\/\/www.radiopresidenteibanez.cl\/web\/wp-json\/wp\/v2\/posts"}],"about":[{"href":"https:\/\/www.radiopresidenteibanez.cl\/web\/wp-json\/wp\/v2\/types\/post"}],"author":[{"embeddable":true,"href":"https:\/\/www.radiopresidenteibanez.cl\/web\/wp-json\/wp\/v2\/users\/2"}],"replies":[{"embeddable":true,"href":"https:\/\/www.radiopresidenteibanez.cl\/web\/wp-json\/wp\/v2\/comments?post=58527"}],"version-history":[{"count":0,"href":"https:\/\/www.radiopresidenteibanez.cl\/web\/wp-json\/wp\/v2\/posts\/58527\/revisions"}],"wp:featuredmedia":[{"embeddable":true,"href":"https:\/\/www.radiopresidenteibanez.cl\/web\/wp-json\/wp\/v2\/media\/58528"}],"wp:attachment":[{"href":"https:\/\/www.radiopresidenteibanez.cl\/web\/wp-json\/wp\/v2\/media?parent=58527"}],"wp:term":[{"taxonomy":"category","embeddable":true,"href":"https:\/\/www.radiopresidenteibanez.cl\/web\/wp-json\/wp\/v2\/categories?post=58527"},{"taxonomy":"post_tag","embeddable":true,"href":"https:\/\/www.radiopresidenteibanez.cl\/web\/wp-json\/wp\/v2\/tags?post=58527"}],"curies":[{"name":"wp","href":"https:\/\/api.w.org\/{rel}","templated":true}]}}