{"id":58523,"date":"2025-08-28T00:56:00","date_gmt":"2025-08-28T03:56:00","guid":{"rendered":"https:\/\/www.radiopresidenteibanez.cl\/web\/?p=58523"},"modified":"2025-08-28T10:11:38","modified_gmt":"2025-08-28T13:11:38","slug":"autoridades-de-salud-y-educacion-resaltan-cobertura-sobre-el-50-de-campana-de-vacunacion-escolar-en-magallanes","status":"publish","type":"post","link":"https:\/\/www.radiopresidenteibanez.cl\/web\/autoridades-de-salud-y-educacion-resaltan-cobertura-sobre-el-50-de-campana-de-vacunacion-escolar-en-magallanes\/","title":{"rendered":"AUTORIDADES DE SALUD Y EDUCACION RESALTAN COBERTURA SOBRE EL 50% DE CAMPA\u00d1A DE VACUNACION ESCOLAR EN MAGALLANES"},"content":{"rendered":"\n<p>Con una cobertura superior a un 50% se encuentra la Campa\u00f1a de Vacunaci\u00f3n Escolar 2025 en nuestra regi\u00f3n, as\u00ed lo constataron las autoridades de salud y educaci\u00f3n que visitaron esta ma\u00f1ana la Escuela Elba G\u00f3mez Ojeda de R\u00edo Seco, para participar y acompa\u00f1ar a la comunidad educativa durante este proceso.<\/p>\n\n\n\n<p>En la oportunidad, el equipo del CECOSF de R\u00edo Seco, vacun\u00f3 a 174 ni\u00f1os, ni\u00f1as y adolescentes del establecimiento.<\/p>\n\n\n\n<p>La Seremi de Salud, Lidia Amarales, explic\u00f3, esta Campa\u00f1a se realiza cada segundo semestre y que se encuentra en desarrollo desde inicios del mes de agosto. \u201cLo que hemos logrado de cobertura en este mes de vacunaci\u00f3n en todos los colegios p\u00fablicos, subvencionados y privados de Magallanes es m\u00e1s del 50% en todos las vacunas que estamos colocando son dTpa (difteria, t\u00e9tanos y tos convulsiva) &nbsp;y VPH&nbsp; &nbsp;contra el Virus Papiloma Humano\u201d.<\/p>\n\n\n\n<p>Esta vacunaci\u00f3n tiene por objetivo proteger a la poblaci\u00f3n en etapa escolar que vive en Chile, seg\u00fan calendario de vacunaci\u00f3n vigente, frente a enfermedades inmunoprevenibles relevantes para la salud p\u00fablica del pa\u00eds.<\/p>\n\n\n\n<p>La Dra. Mar\u00eda Jos\u00e9 Soto, pediatra y asesora m\u00e9dica del Servicio de Salud Magallanes, coment\u00f3 que estas vacunas son parte del Programa Nacional de Inmunizaci\u00f3n, que va en etapa de vacunaci\u00f3n escolar, siendo sumamente importante que todos los ni\u00f1os\/as se inmunicen. \u201cEstas vacunas son importantes, porque protegen contra enfermedades que hemos podido prevenir anteriormente y que no queremos que vuelvan, ni que retornen, enfermando a nuestros ni\u00f1os; entonces necesitamos que todos los ni\u00f1os y ni\u00f1as de primero b\u00e1sico, de cuarto b\u00e1sico y de octavo reciban la vacuna de vacuna dTpa, que protege contra la Difteria, T\u00e9tanos, Tos Convulsiva y tambi\u00e9n, la vacuna contra el Virus del Papiloma Humano (VPH), que es imprescindible recibirla en edad temprana, para poder evitar todos los tipos de c\u00e1ncer cervicouterino, con los distintos serotipos que incluye esta vacuna\u201d, indic\u00f3 la m\u00e9dica especialista.<\/p>\n\n\n\n<p>Por su parte, &nbsp;el Seremi de Educaci\u00f3n, Valent\u00edn Aguilera, expres\u00f3 ante el desarrollo de este proceso que \u201cvaloramos el esfuerzo de todo el sector salud para llegar a las diferentes comunidades educativas, entregando tambi\u00e9n una medida que es de equidad, de equidad en el acceso, justamente a este plan de protecci\u00f3n que significa el plan de vacunaci\u00f3n que se desarrolla en todo el pa\u00eds y particularmente en la regi\u00f3n de Magallanes y Ant\u00e1rtica Chilena\u201d. &nbsp;El Seremi indic\u00f3 que son m\u00e1s de 6.200 estudiantes que son beneficiados por este proceso, el cual entrega mayor protecci\u00f3n y garant\u00edas a los ni\u00f1os y ni\u00f1as.<\/p>\n\n\n\n<p>En tanto, la Directora del CESFAM Dr. Thomas Fenton, Lorena Ruiz, recalc\u00f3 que esta Campa\u00f1a al ser parte del Plan Nacional de Inmunizaciones, es de car\u00e1cter obligatoria para toda la poblaci\u00f3n objetivo. La \u00fanica forma de rechazarlo es que exista un tema m\u00e9dico que est\u00e9 certificado previamente. \u201cEs un derecho fundamental de la poblaci\u00f3n y es importante- Nosotros como atenci\u00f3n primaria participamos en esta Campa\u00f1a con todos los equipos de vacunaci\u00f3n de los CESFAM y CECOSF, estamos concurriendo especialmente a los colegios para facilitar el acceso y la oportunidad a la vacunaci\u00f3n\u201d.<\/p>\n\n\n\n<p>Agreg\u00f3 que los estudiantes que no est\u00e9n presentes en sus escuelas, colegios o liceos, el d\u00eda de la vacunaci\u00f3n, pueden acercarse posteriormente a los establecimientos de salud tanto p\u00fablico como los vacunatorios privados que est\u00e1n en convenio. Sostuvo que \u201cdurante esta Campa\u00f1a tambi\u00e9n estamos haciendo campa\u00f1as de puestas al d\u00eda no solamente para los p\u00fablicos objetivos de este a\u00f1o, sino que tambi\u00e9n para quienes hab\u00edan quedado pendiente los a\u00f1os anteriores. En este momento hay primero, cuarto y octavo b\u00e1sico, y una puesta al d\u00eda que son de quinto, sexto y s\u00e9ptimo b\u00e1sico\u201d.<\/p>\n\n\n\n<p>La Dra Amarales resalt\u00f3 que \u201cnosotros somos un pa\u00eds que realmente hemos sido muy pionero, partimos el a\u00f1o 69 con las vacunas obligatorias y ha significado una disminuci\u00f3n significativa de la mortalidad por enfermedades infectocontagiosas, partiendo por la tuberculosis, pertussis, sarampi\u00f3n, algunas de estas ya pr\u00e1cticamente erradicadas en nuestro pa\u00eds. A trav\u00e9s de la historia hemos tenido una disminuci\u00f3n de la mortalidad infantil que es important\u00edsima, Chile tiene una de las tasas m\u00e1s bajas de mortalidad infantil a nivel regional e internacional, y eso es gracias, entre otras cosas, a las vacunas\u201d.<\/p>\n","protected":false},"excerpt":{"rendered":"<p>Con una cobertura superior a un 50% se encuentra la Campa\u00f1a de Vacunaci\u00f3n Escolar 2025 en nuestra regi\u00f3n, as\u00ed lo constataron las autoridades de salud y educaci\u00f3n que visitaron esta&#8230; <a class=\"read-more\" href=\"https:\/\/www.radiopresidenteibanez.cl\/web\/autoridades-de-salud-y-educacion-resaltan-cobertura-sobre-el-50-de-campana-de-vacunacion-escolar-en-magallanes\/\">Leer m\u00e1s<\/a><\/p>\n","protected":false},"author":2,"featured_media":58524,"comment_status":"closed","ping_status":"closed","sticky":false,"template":"","format":"standard","meta":{"footnotes":""},"categories":[1],"tags":[],"class_list":["post-58523","post","type-post","status-publish","format-standard","has-post-thumbnail","hentry","category-cronica"],"_links":{"self":[{"href":"https:\/\/www.radiopresidenteibanez.cl\/web\/wp-json\/wp\/v2\/posts\/58523","targetHints":{"allow":["GET"]}}],"collection":[{"href":"https:\/\/www.radiopresidenteibanez.cl\/web\/wp-json\/wp\/v2\/posts"}],"about":[{"href":"https:\/\/www.radiopresidenteibanez.cl\/web\/wp-json\/wp\/v2\/types\/post"}],"author":[{"embeddable":true,"href":"https:\/\/www.radiopresidenteibanez.cl\/web\/wp-json\/wp\/v2\/users\/2"}],"replies":[{"embeddable":true,"href":"https:\/\/www.radiopresidenteibanez.cl\/web\/wp-json\/wp\/v2\/comments?post=58523"}],"version-history":[{"count":0,"href":"https:\/\/www.radiopresidenteibanez.cl\/web\/wp-json\/wp\/v2\/posts\/58523\/revisions"}],"wp:featuredmedia":[{"embeddable":true,"href":"https:\/\/www.radiopresidenteibanez.cl\/web\/wp-json\/wp\/v2\/media\/58524"}],"wp:attachment":[{"href":"https:\/\/www.radiopresidenteibanez.cl\/web\/wp-json\/wp\/v2\/media?parent=58523"}],"wp:term":[{"taxonomy":"category","embeddable":true,"href":"https:\/\/www.radiopresidenteibanez.cl\/web\/wp-json\/wp\/v2\/categories?post=58523"},{"taxonomy":"post_tag","embeddable":true,"href":"https:\/\/www.radiopresidenteibanez.cl\/web\/wp-json\/wp\/v2\/tags?post=58523"}],"curies":[{"name":"wp","href":"https:\/\/api.w.org\/{rel}","templated":true}]}}