{"id":58520,"date":"2025-08-28T08:59:00","date_gmt":"2025-08-28T11:59:00","guid":{"rendered":"https:\/\/www.radiopresidenteibanez.cl\/web\/?p=58520"},"modified":"2025-08-28T08:42:09","modified_gmt":"2025-08-28T11:42:09","slug":"boletin-informativo-14","status":"publish","type":"post","link":"https:\/\/www.radiopresidenteibanez.cl\/web\/boletin-informativo-14\/","title":{"rendered":"BOLETIN INFORMATIVO"},"content":{"rendered":"\n<p>SANTIAGO.- El Ministerio de Vivienda y Urbanismo, sali\u00f3 al<br>paso de las cr\u00edticas que surgieron a ra\u00edz de los dichos del<br>titular de la cartera, ministro Carlos Montes, luego que este<br>se\u00f1alara que \u00abno soy el jefe de la reconstrucci\u00f3n de<br>Valpara\u00edso\u00bb. Sus palabras, en entrevista con CNN, surgieron<br>luego que se le consultara por las las cr\u00edticas en torno al<br>lento proceso de reconstrucci\u00f3n tras el incendio en la Regi\u00f3n<br>de Valpara\u00edso.<\/p>\n\n\n\n<p>SANTIAGO.- En un comunicado, la cartera aclar\u00f3 que \u00ablos<br>dichos del titular de la cartera, en entrevista realizada la<br>tarde del martes 26 de agosto, dicen relaci\u00f3n con la<br>estructura establecida para el proceso de reconstrucci\u00f3n y,<br>de ninguna manera, son interpretables como un intento de<br>desvincularse del rol que le corresponde en este marco\u00bb.<\/p>\n\n\n\n<p>SANTIAGO.- Asimismo, el Ministerio de Vivienda llam\u00f3 \u00aba los<br>distintos actores pol\u00edticos a no generar un falso debate en<br>base a la utilizaci\u00f3n maliciosa y descontextualizada de las<br>palabras del ministro Montes, que se genera en un contexto de<br>disputa pol\u00edtica electoral que nada tiene que ver con la<br>ayuda a los y las afectadas por el incendio\u00bb. \u00abHacemos un<br>llamado a la responsabilidad pol\u00edtica en una tem\u00e1tica que<br>debe convocar positivamente a todos los sectores\u00bb, cerr\u00f3.<\/p>\n\n\n\n<p>SANTIAGO.- La candidata presidencial del oficialismo,<br>Jeannette Jara, volvi\u00f3 a distanciarse de las cr\u00edticas del<br>presidente del PC, Lautaro Carmona, contra el exministro de<br>Hacienda, Mario Marcel. Al respecto, indic\u00f3 que \u00abno los<br>comparto en absoluto. Creo que es muy importante tener claro<br>que las reglas de responsabilidad fiscal son el s\u00edmil a lo<br>que son los ingresos en una casa. Uno puede gastar lo que le<br>ingresa, y cuando tiene m\u00e1s gastos que ingreso, lo que se<br>produce es deuda\u00bb, record\u00f3.<\/p>\n\n\n\n<p>SANTIAGO.- Jara, consultada sobre si est\u00e1 llana a suspender<br>su militancia, indic\u00f3 que \u00abla \u00fanica tarea en que yo estoy<br>concentrada es ser candidata de la centro-izquierda chilena,<br>de los partidos pol\u00edticos, pero por sobre todo, de la gente<br>de los territorios\u00bb. \u00abEso es lo que a m\u00ed me motiva\u00bb, sostuvo<br>la exministra.<\/p>\n\n\n\n<p>SANTIAGO.- Tanto la presidenta del Partido Socialista,<br>Paulina Vodanovic, como el timonel interino de la Democracia<br>Cristiana, Francisco Huenchumilla, rechazaron las<br>declaraciones que dirigi\u00f3 el l\u00edder del Partido Comunista,<br>Lautaro Carmona. Estas, al exministro de Hacienda, Mario<br>Marcel, y su teor\u00eda de que algo se va \u00abdesgranando\u00bb en el<br>Gobierno.<\/p>\n\n\n\n<p>SANTIAGO.-Vodanovic secund\u00f3 los dichos que el secretario<br>general del PS, Camilo Escalona, relativos a que Carmona \u00abdio<br>un golpe al Presidente Boric que ning\u00fan otro dirigente<br>pol\u00edtico se hab\u00eda atrevido\u00bb y que hace \u00abes un flaco favor a<br>la candidatura\u00bb de Jeannette Jara. La senadora indic\u00f3 que \u00abyo<br>creo que lo que dijo el secretario general de mi partido, el<br>compa\u00f1ero Camilo Escalona, es cierto\u00bb.<\/p>\n\n\n\n<p>SANTIAGO.- Adem\u00e1s, dijo que \u00abaqu\u00ed hay una descalificaci\u00f3n a<br>una persona, a Mario Marcel, que creo que tiene transversal,<br>digamos, reconocimiento a su labor en lo profesional, pero<br>tambi\u00e9n hay un golpe al Presidente. Eso es lo que uno no<br>entiende, cu\u00e1l es el sentido a estas alturas de pegarle al<br>Gobierno\u00bb. Adem\u00e1s, acus\u00f3 que Carmona genera \u00abun desorden<br>entre el partido de la candidata y la propia candidata\u00bb.<\/p>\n","protected":false},"excerpt":{"rendered":"<p>SANTIAGO.- El Ministerio de Vivienda y Urbanismo, sali\u00f3 alpaso de las cr\u00edticas que surgieron a ra\u00edz de los dichos deltitular de la cartera, ministro Carlos Montes, luego que estese\u00f1alara que&#8230; <a class=\"read-more\" href=\"https:\/\/www.radiopresidenteibanez.cl\/web\/boletin-informativo-14\/\">Leer m\u00e1s<\/a><\/p>\n","protected":false},"author":2,"featured_media":58521,"comment_status":"closed","ping_status":"closed","sticky":false,"template":"","format":"standard","meta":{"footnotes":""},"categories":[1],"tags":[],"class_list":["post-58520","post","type-post","status-publish","format-standard","has-post-thumbnail","hentry","category-cronica"],"_links":{"self":[{"href":"https:\/\/www.radiopresidenteibanez.cl\/web\/wp-json\/wp\/v2\/posts\/58520","targetHints":{"allow":["GET"]}}],"collection":[{"href":"https:\/\/www.radiopresidenteibanez.cl\/web\/wp-json\/wp\/v2\/posts"}],"about":[{"href":"https:\/\/www.radiopresidenteibanez.cl\/web\/wp-json\/wp\/v2\/types\/post"}],"author":[{"embeddable":true,"href":"https:\/\/www.radiopresidenteibanez.cl\/web\/wp-json\/wp\/v2\/users\/2"}],"replies":[{"embeddable":true,"href":"https:\/\/www.radiopresidenteibanez.cl\/web\/wp-json\/wp\/v2\/comments?post=58520"}],"version-history":[{"count":0,"href":"https:\/\/www.radiopresidenteibanez.cl\/web\/wp-json\/wp\/v2\/posts\/58520\/revisions"}],"wp:featuredmedia":[{"embeddable":true,"href":"https:\/\/www.radiopresidenteibanez.cl\/web\/wp-json\/wp\/v2\/media\/58521"}],"wp:attachment":[{"href":"https:\/\/www.radiopresidenteibanez.cl\/web\/wp-json\/wp\/v2\/media?parent=58520"}],"wp:term":[{"taxonomy":"category","embeddable":true,"href":"https:\/\/www.radiopresidenteibanez.cl\/web\/wp-json\/wp\/v2\/categories?post=58520"},{"taxonomy":"post_tag","embeddable":true,"href":"https:\/\/www.radiopresidenteibanez.cl\/web\/wp-json\/wp\/v2\/tags?post=58520"}],"curies":[{"name":"wp","href":"https:\/\/api.w.org\/{rel}","templated":true}]}}