{"id":58517,"date":"2025-08-28T08:17:49","date_gmt":"2025-08-28T11:17:49","guid":{"rendered":"https:\/\/www.radiopresidenteibanez.cl\/web\/?p=58517"},"modified":"2025-08-28T08:18:18","modified_gmt":"2025-08-28T11:18:18","slug":"funcionarios-y-funcionarias-del-servicio-de-reinsercion-social-juvenil-se-capacitan-en-el-nuevo-modelo-de-intervencion-especializado-mie","status":"publish","type":"post","link":"https:\/\/www.radiopresidenteibanez.cl\/web\/funcionarios-y-funcionarias-del-servicio-de-reinsercion-social-juvenil-se-capacitan-en-el-nuevo-modelo-de-intervencion-especializado-mie\/","title":{"rendered":"FUNCIONARIOS Y FUNCIONARIAS DEL SERVICIO DE REINSERCI\u00d3N SOCIAL JUVENIL SE CAPACITAN EN EL NUEVO MODELO DE INTERVENCI\u00d3N ESPECIALIZADO &#8211; MIE"},"content":{"rendered":"\n<p>El Servicio de reinserci\u00f3n Social Juvenil es el primer servicio p\u00fablico dedicado \u00edntegramente a la reinserci\u00f3n de j\u00f3venes en conflicto con la justicia, creado para garantizar &#8211; con un enfoque especializado y t\u00e9cnico para adolescentes que infringen la ley &#8211; su reintegraci\u00f3n efectiva en la sociedad.<\/p>\n\n\n\n<p>Para ello, el Servicio de Reinserci\u00f3n Social Juvenil aplica un modelo especializado de intervenci\u00f3n, que considera la garant\u00eda de derechos fundamentales de los j\u00f3venes, de tal manera de reducir la reincidencia y promover una intervenci\u00f3n t\u00e9cnica de calidad que fomente un proyecto de vida alejado del delito.&nbsp;<\/p>\n\n\n\n<p>En ese marco, la direcci\u00f3n regional de Magallanes y Ant\u00e1rtica Chilena llev\u00f3 a cabo una jornada de capacitaci\u00f3n de este Modelo de intervenci\u00f3n Especializado (MIE) en la cual participaron cerca de 50 personas de los equipos t\u00e9cnicos de los Centros de Cumplimiento de Medio Libre &#8211; Libertad Asistida Especial (LAE); Libertad Asistida Simple (LAS); Salida Alternativa (SA); Servicio en Beneficio de la Comunidad (SBC\/RD) y Cumplimiento de Medidas Cautelares Ambulatorias (MCA) &#8211; adem\u00e1s de profesionales del Centro de Cumplimiento Juvenil de R\u00e9gimen Cerrado IP IRC, y de la direcci\u00f3n regional.<\/p>\n\n\n\n<p>El Modelo de Intervenci\u00f3n Especializado es un marco te\u00f3rico, sustentado en el respeto a los derechos humanos, que ofrece una&nbsp;mirada especializada, sist\u00e9mica e intersectorial&nbsp;para guiar la pr\u00e1ctica de todas las personas que trabajan en el Servicio Nacional de Reinserci\u00f3n Social Juvenil y que intervienen con las y los adolescentes y j\u00f3venes, tanto en administraci\u00f3n directa como en programas ejecutados por privados.<\/p>\n\n\n\n<p>Tiene como finalidad favorecer la reinserci\u00f3n social de adolescentes y j\u00f3venes que sean sujetos de atenci\u00f3n del Servicio Nacional de Reinserci\u00f3n Social Juvenil, de acuerdo con su etapa de desarrollo vital y el respeto de sus derechos humanos, que modifique la conducta delictiva, en concordancia con las condiciones que le impone la medida o sanci\u00f3n para lograr su integraci\u00f3n y reinserci\u00f3n social.<\/p>\n\n\n\n<p>\u201cEsta actividad se enmarca en un ciclo de jornadas de transferencia t\u00e9cnica, en distintas tem\u00e1ticas de reinserci\u00f3n social juvenil, y que se continuar\u00e1n realizando durante todo el a\u00f1o. En general, la jornada cumpli\u00f3 los objetivos propuestos, en tanto se ha podido tener un gran n\u00famero de participantes, por una parte, y en el sentido adem\u00e1s que se pudo trabajar en conjunto las metodolog\u00edas, herramientas y enfoques pertinentes para las intervenciones especializadas con adolescentes y j\u00f3venes\u201d, se\u00f1al\u00f3 <strong>Rodrigo Trujillo Peters, Jefe del Departamento de Medidas y Sanciones del Servicio de Reinserci\u00f3n Social Juvenil.<\/strong><\/p>\n\n\n\n<p>Por su parte, <strong>C\u00e9sar Montiel Alvarado, director regional del Servicio de Reinserci\u00f3n Social Juvenil de Magallanes<\/strong>, destac\u00f3 que \u201ces esencial capacitar permanentemente a nuestros equipos, para asegurar que los programas de intervenci\u00f3n se implementen de manera efectiva y con enfoque integral, respondiendo as\u00ed a las necesidades particulares de las y los j\u00f3venes. Como profesionales de este servicio, debemos aspirar a ser los especialistas t\u00e9cnicos en este tema, para alcanzar el fin \u00faltimo que es rehabilitar a los adolescentes y facilitar su reinserci\u00f3n social efectiva para que desarrollen un proyecto de vida alejado del delito\u201d.<\/p>\n\n\n\n<p><strong>Kassandra Ojeda, Gestora de Casos de Corporaci\u00f3n Opci\u00f3n <\/strong>que asisti\u00f3 a la capacitaci\u00f3n detall\u00f3 que \u201cMe ha interesado mucho esta capacitaci\u00f3n, ya que nos ha ayudado a poder generar m\u00e1s conocimiento respecto a este nuevo modelo y c\u00f3mo poder intervenir de mejor manera cuando recibamos a un usuario en el centro de cumplimiento en medio de libertad. Ahora debemos aplicar este modelo que es el nuevo paradigma que hemos estado implementando este a\u00f1o con el cambio de sistema y nuevo servicio de Reinserci\u00f3n en la regi\u00f3n\u201d.<\/p>\n\n\n\n<p>Finalmente,<strong> Ivonne C\u00e1rcamo, coordinadora del Centro de Cumplimiento Juvenil IP IRC, dijo que \u201c<\/strong>Esta herramienta que hoy nos entregaron, nos permitir\u00e1 ordenarnos mucho m\u00e1s en la intervenci\u00f3n con los j\u00f3venes. \u00bfEn qu\u00e9 nos favorece hoy? En que todo el tiempo que hemos estado trabajando con los j\u00f3venes hemos llevado a cabo informes que tal vez no eran muy claros. Hoy nos entregan instrucciones muy claras de este nuevo modelo de intervenci\u00f3n que a nosotros nos permitir\u00e1 entender el proceso, y c\u00f3mo enfrentar los desaf\u00edos de atenci\u00f3n con j\u00f3venes. Esta capacitaci\u00f3n ha sido esencial para trabajar mejor con los j\u00f3venes. Espero, en unos a\u00f1os m\u00e1s cruzarme con uno de los j\u00f3venes que atendimos en el Centro y ver que est\u00e1 bien, porque para eso estamos haciendo nuestro trabajo como los especialistas en reinserci\u00f3n de j\u00f3venes\u201d.<\/p>\n","protected":false},"excerpt":{"rendered":"<p>El Servicio de reinserci\u00f3n Social Juvenil es el primer servicio p\u00fablico dedicado \u00edntegramente a la reinserci\u00f3n de j\u00f3venes en conflicto con la justicia, creado para garantizar &#8211; con un enfoque&#8230; <a class=\"read-more\" href=\"https:\/\/www.radiopresidenteibanez.cl\/web\/funcionarios-y-funcionarias-del-servicio-de-reinsercion-social-juvenil-se-capacitan-en-el-nuevo-modelo-de-intervencion-especializado-mie\/\">Leer m\u00e1s<\/a><\/p>\n","protected":false},"author":2,"featured_media":58518,"comment_status":"closed","ping_status":"closed","sticky":false,"template":"","format":"standard","meta":{"footnotes":""},"categories":[1],"tags":[],"class_list":["post-58517","post","type-post","status-publish","format-standard","has-post-thumbnail","hentry","category-cronica"],"_links":{"self":[{"href":"https:\/\/www.radiopresidenteibanez.cl\/web\/wp-json\/wp\/v2\/posts\/58517","targetHints":{"allow":["GET"]}}],"collection":[{"href":"https:\/\/www.radiopresidenteibanez.cl\/web\/wp-json\/wp\/v2\/posts"}],"about":[{"href":"https:\/\/www.radiopresidenteibanez.cl\/web\/wp-json\/wp\/v2\/types\/post"}],"author":[{"embeddable":true,"href":"https:\/\/www.radiopresidenteibanez.cl\/web\/wp-json\/wp\/v2\/users\/2"}],"replies":[{"embeddable":true,"href":"https:\/\/www.radiopresidenteibanez.cl\/web\/wp-json\/wp\/v2\/comments?post=58517"}],"version-history":[{"count":0,"href":"https:\/\/www.radiopresidenteibanez.cl\/web\/wp-json\/wp\/v2\/posts\/58517\/revisions"}],"wp:featuredmedia":[{"embeddable":true,"href":"https:\/\/www.radiopresidenteibanez.cl\/web\/wp-json\/wp\/v2\/media\/58518"}],"wp:attachment":[{"href":"https:\/\/www.radiopresidenteibanez.cl\/web\/wp-json\/wp\/v2\/media?parent=58517"}],"wp:term":[{"taxonomy":"category","embeddable":true,"href":"https:\/\/www.radiopresidenteibanez.cl\/web\/wp-json\/wp\/v2\/categories?post=58517"},{"taxonomy":"post_tag","embeddable":true,"href":"https:\/\/www.radiopresidenteibanez.cl\/web\/wp-json\/wp\/v2\/tags?post=58517"}],"curies":[{"name":"wp","href":"https:\/\/api.w.org\/{rel}","templated":true}]}}