{"id":58512,"date":"2025-08-27T12:21:00","date_gmt":"2025-08-27T15:21:00","guid":{"rendered":"https:\/\/www.radiopresidenteibanez.cl\/web\/?p=58512"},"modified":"2025-08-27T11:52:44","modified_gmt":"2025-08-27T14:52:44","slug":"revalorando-la-hazana-del-piloto-luis-pardo-proxima-charla-del-ciclo-ciencia-y-chocolate-de-inach","status":"publish","type":"post","link":"https:\/\/www.radiopresidenteibanez.cl\/web\/revalorando-la-hazana-del-piloto-luis-pardo-proxima-charla-del-ciclo-ciencia-y-chocolate-de-inach\/","title":{"rendered":"Revalorando la haza\u00f1a del Piloto Luis Pardo: pr\u00f3xima charla del ciclo Ciencia y Chocolate de INACH"},"content":{"rendered":"\n<p>Este mi\u00e9rcoles 27, a las 18:30 horas, el Instituto Ant\u00e1rtico Chileno (INACH) invita a la comunidad a participar en una nueva sesi\u00f3n del ciclo Ciencia y Chocolate, que en esta ocasi\u00f3n estar\u00e1 dedicada a difundir y analizar la figura del Piloto Luis Pardo Villal\u00f3n, a 109 a\u00f1os de su haza\u00f1a en la Ant\u00e1rtica.<\/p>\n\n\n\n<p>La charla titulada \u201cA 109 a\u00f1os de su haza\u00f1a ant\u00e1rtica: \u00bfcu\u00e1les son las huellas del Piloto Pardo en Punta Arenas?\u201d ser\u00e1 presentada por la periodista de INACH Camila Buvinic junto a Marcelo Astorga, soci\u00f3logo del proyecto Nodo Laboratorio Natural Ant\u00e1rtico.&nbsp;<\/p>\n\n\n\n<p>La actividad abordar\u00e1 la presencia de Pardo en la ciudad a trav\u00e9s de hitos como el circuito ant\u00e1rtico, monumentos, representaciones culturales, adem\u00e1s de publicaciones y libros que mantienen viva su memoria.<\/p>\n\n\n\n<p>El Piloto Pardo se convirti\u00f3 en protagonista de una de las p\u00e1ginas m\u00e1s notables de la historia polar al comandar la escampav\u00eda <em>Yelcho<\/em> en 1916, rescatando a los 22 n\u00e1ufragos de la expedici\u00f3n de Sir Ernest Shackleton que permanec\u00edan atrapados en la isla Elefante. Este acto de valent\u00eda y humanidad no solo lo transform\u00f3 en un referente nacional, sino que tambi\u00e9n dej\u00f3 una huella imborrable en Punta Arenas, ciudad que ha mantenido vivo su legado a trav\u00e9s de homenajes y espacios de memoria vinculados a la Ant\u00e1rtica.<\/p>\n\n\n\n<p>El ciclo Ciencia y Chocolate busca acercar el conocimiento cient\u00edfico a la comunidad en un ambiente cercano y participativo, acompa\u00f1ado de una taza de chocolate caliente. La actividad es gratuita y no requiere inscripci\u00f3n previa.<\/p>\n","protected":false},"excerpt":{"rendered":"<p>Este mi\u00e9rcoles 27, a las 18:30 horas, el Instituto Ant\u00e1rtico Chileno (INACH) invita a la comunidad a participar en una nueva sesi\u00f3n del ciclo Ciencia y Chocolate, que en esta&#8230; <a class=\"read-more\" href=\"https:\/\/www.radiopresidenteibanez.cl\/web\/revalorando-la-hazana-del-piloto-luis-pardo-proxima-charla-del-ciclo-ciencia-y-chocolate-de-inach\/\">Leer m\u00e1s<\/a><\/p>\n","protected":false},"author":2,"featured_media":58513,"comment_status":"closed","ping_status":"closed","sticky":false,"template":"","format":"standard","meta":{"footnotes":""},"categories":[1],"tags":[],"class_list":["post-58512","post","type-post","status-publish","format-standard","has-post-thumbnail","hentry","category-cronica"],"_links":{"self":[{"href":"https:\/\/www.radiopresidenteibanez.cl\/web\/wp-json\/wp\/v2\/posts\/58512","targetHints":{"allow":["GET"]}}],"collection":[{"href":"https:\/\/www.radiopresidenteibanez.cl\/web\/wp-json\/wp\/v2\/posts"}],"about":[{"href":"https:\/\/www.radiopresidenteibanez.cl\/web\/wp-json\/wp\/v2\/types\/post"}],"author":[{"embeddable":true,"href":"https:\/\/www.radiopresidenteibanez.cl\/web\/wp-json\/wp\/v2\/users\/2"}],"replies":[{"embeddable":true,"href":"https:\/\/www.radiopresidenteibanez.cl\/web\/wp-json\/wp\/v2\/comments?post=58512"}],"version-history":[{"count":0,"href":"https:\/\/www.radiopresidenteibanez.cl\/web\/wp-json\/wp\/v2\/posts\/58512\/revisions"}],"wp:featuredmedia":[{"embeddable":true,"href":"https:\/\/www.radiopresidenteibanez.cl\/web\/wp-json\/wp\/v2\/media\/58513"}],"wp:attachment":[{"href":"https:\/\/www.radiopresidenteibanez.cl\/web\/wp-json\/wp\/v2\/media?parent=58512"}],"wp:term":[{"taxonomy":"category","embeddable":true,"href":"https:\/\/www.radiopresidenteibanez.cl\/web\/wp-json\/wp\/v2\/categories?post=58512"},{"taxonomy":"post_tag","embeddable":true,"href":"https:\/\/www.radiopresidenteibanez.cl\/web\/wp-json\/wp\/v2\/tags?post=58512"}],"curies":[{"name":"wp","href":"https:\/\/api.w.org\/{rel}","templated":true}]}}