{"id":58509,"date":"2025-08-27T16:07:00","date_gmt":"2025-08-27T19:07:00","guid":{"rendered":"https:\/\/www.radiopresidenteibanez.cl\/web\/?p=58509"},"modified":"2025-08-27T11:10:10","modified_gmt":"2025-08-27T14:10:10","slug":"seremi-de-transportes-y-telecomunicaciones-llama-a-verificar-estado-de-tne-para-pago-de-transporte-publico-en-punta-arenas","status":"publish","type":"post","link":"https:\/\/www.radiopresidenteibanez.cl\/web\/seremi-de-transportes-y-telecomunicaciones-llama-a-verificar-estado-de-tne-para-pago-de-transporte-publico-en-punta-arenas\/","title":{"rendered":"Seremi de Transportes y Telecomunicaciones llama a verificar estado de TNE para pago de transporte p\u00fablico en Punta Arenas"},"content":{"rendered":"\n<p>Est\u00e1 terminando agosto, el primer mes de marcha blanca y convivencia de modos de pago<br>en el transporte p\u00fablico en Punta Arenas. Es por ello que el seremi de Transportes y<br>Telecomunicaciones Alejandro Goich se acerc\u00f3 hasta la Feria Vocacional del Liceo Sara<br>Braun, desde donde hizo el llamado a estudiantes a verificar el estado del chip de su Tarjeta<br>Nacional Estudiantil (TNE) ya que pronto ser\u00e1 el \u00fanico medio de pago con tarifa escolar<br>disponible en el sistema Red Punta Arenas.<br>\u201cEstamos entregando informaci\u00f3n y verificando el estado de su TNE y las condiciones<br>operativas del chip de manera tal que los estudiantes puedan acceder a su tarifa rebajada en<br>el transporte p\u00fablico. Les recordamos tambi\u00e9n que cuando termine el periodo de<br>convivencia en el pago, su \u00fanico modo de pago de tarifa escolar ser\u00e1 con la tarjeta, por lo<br>que deben verificar que est\u00e9 en buenas condiciones para evitar inconvenientes\u201d, se\u00f1al\u00f3<br>Goich.<br>La mayor\u00eda de las tarjetas verificadas en el evento ten\u00edan su chip operativo. Sin embargo,<br>un par no estaban actualizadas con el sello 2025, por lo que les inform\u00f3 que no podr\u00edan<br>realizar el pago al encontrarse desactualizada la tarjeta, ya que el sistema las rechaza.<br>Entre las y los asistentes hubo quienes que no contaban con la informaci\u00f3n, otros que \u201calgo<br>sab\u00edan\u201d y un importante n\u00famero de estudiantes que ya se encontraban realizando el pago<br>del pasaje con su TNE. \u201cDe hecho, encontramos unos j\u00f3venes que ya estaban usando la<br>aplicaci\u00f3n de BiPay. En ella pueden realizar la carga de la tarjeta y conocer los puntos de<br>compra y recarga\u201d, agreg\u00f3 el seremitt.<br>Asimismo, en el evento se les hizo entrega de informaci\u00f3n de d\u00f3nde se ubican las oficinas<br>de Junaeb para pedir, actualizar y confirmar el estado del chip de quienes ya cuentan con la<br>tarjeta, como los modos de acceder de manera virtual a la informaci\u00f3n que proporciona la<br>empresa, principalmente a trav\u00e9s de su p\u00e1gina web, bipay.cl.<br>El calendario preliminar estipula que en noviembre desaparecer\u00e1 el efectivo del sistema de<br>pago del transporte urbano, aunque llegado el momento se debe evaluar el nivel de uso de<br>las tarjetas por parte de las y los usuarios del sistema. Pero siempre el llamado es a no dejar<br>la adquisici\u00f3n de las tarjetas para \u00faltima hora, ya que esta modernizaci\u00f3n del transporte<br>lleg\u00f3 para quedarse.<\/p>\n","protected":false},"excerpt":{"rendered":"<p>Est\u00e1 terminando agosto, el primer mes de marcha blanca y convivencia de modos de pagoen el transporte p\u00fablico en Punta Arenas. Es por ello que el seremi de Transportes yTelecomunicaciones&#8230; <a class=\"read-more\" href=\"https:\/\/www.radiopresidenteibanez.cl\/web\/seremi-de-transportes-y-telecomunicaciones-llama-a-verificar-estado-de-tne-para-pago-de-transporte-publico-en-punta-arenas\/\">Leer m\u00e1s<\/a><\/p>\n","protected":false},"author":2,"featured_media":58510,"comment_status":"closed","ping_status":"closed","sticky":false,"template":"","format":"standard","meta":{"footnotes":""},"categories":[1],"tags":[],"class_list":["post-58509","post","type-post","status-publish","format-standard","has-post-thumbnail","hentry","category-cronica"],"_links":{"self":[{"href":"https:\/\/www.radiopresidenteibanez.cl\/web\/wp-json\/wp\/v2\/posts\/58509","targetHints":{"allow":["GET"]}}],"collection":[{"href":"https:\/\/www.radiopresidenteibanez.cl\/web\/wp-json\/wp\/v2\/posts"}],"about":[{"href":"https:\/\/www.radiopresidenteibanez.cl\/web\/wp-json\/wp\/v2\/types\/post"}],"author":[{"embeddable":true,"href":"https:\/\/www.radiopresidenteibanez.cl\/web\/wp-json\/wp\/v2\/users\/2"}],"replies":[{"embeddable":true,"href":"https:\/\/www.radiopresidenteibanez.cl\/web\/wp-json\/wp\/v2\/comments?post=58509"}],"version-history":[{"count":0,"href":"https:\/\/www.radiopresidenteibanez.cl\/web\/wp-json\/wp\/v2\/posts\/58509\/revisions"}],"wp:featuredmedia":[{"embeddable":true,"href":"https:\/\/www.radiopresidenteibanez.cl\/web\/wp-json\/wp\/v2\/media\/58510"}],"wp:attachment":[{"href":"https:\/\/www.radiopresidenteibanez.cl\/web\/wp-json\/wp\/v2\/media?parent=58509"}],"wp:term":[{"taxonomy":"category","embeddable":true,"href":"https:\/\/www.radiopresidenteibanez.cl\/web\/wp-json\/wp\/v2\/categories?post=58509"},{"taxonomy":"post_tag","embeddable":true,"href":"https:\/\/www.radiopresidenteibanez.cl\/web\/wp-json\/wp\/v2\/tags?post=58509"}],"curies":[{"name":"wp","href":"https:\/\/api.w.org\/{rel}","templated":true}]}}