{"id":58506,"date":"2025-08-27T14:51:00","date_gmt":"2025-08-27T17:51:00","guid":{"rendered":"https:\/\/www.radiopresidenteibanez.cl\/web\/?p=58506"},"modified":"2025-08-27T11:00:02","modified_gmt":"2025-08-27T14:00:02","slug":"isl-magallanes-refuerza-aplicacion-del-seguro-escolar-en-puerto-natales","status":"publish","type":"post","link":"https:\/\/www.radiopresidenteibanez.cl\/web\/isl-magallanes-refuerza-aplicacion-del-seguro-escolar-en-puerto-natales\/","title":{"rendered":"ISL Magallanes refuerza aplicaci\u00f3n del Seguro Escolar en Puerto Natales"},"content":{"rendered":"\n<p>Con la presencia de representantes de establecimientos educacionales, jardines infantiles y funcionarios del Hospital Dr. Augusto Essmann Burgos, se realiz\u00f3 en Puerto Natales una jornada de capacitaci\u00f3n sobre el Seguro Escolar, regulado por el Decreto Supremo N\u00b0 313 y la Ley 16.744.<br>La actividad, encabezada por la directora regional del Instituto de Seguridad Laboral (ISL) Magallanes, Marilyn C\u00e1rdenas Gonz\u00e1lez, en coordinaci\u00f3n con el hospital local, reuni\u00f3 a 29 representantes de colegios y jardines infantiles y a 30 funcionarios del centro asistencial en el auditorio del recinto.<br>\u201cEn el Instituto de Seguridad Laboral trabajamos para que el Seguro Escolar se implemente correctamente y beneficie a todos los ni\u00f1os, ni\u00f1as y j\u00f3venes.<br>Esta capacitaci\u00f3n fortalece la colaboraci\u00f3n entre los equipos de salud y educaci\u00f3n, permitiendo una respuesta r\u00e1pida y eficaz cuando los estudiantes enfrentan situaciones de riesgo durante sus actividades escolares\u201d, se\u00f1al\u00f3 la autoridad del ISL.<br>La jornada permiti\u00f3 aclarar dudas, compartir experiencias y reforzar la coordinaci\u00f3n entre educaci\u00f3n y salud, con miras a entregar un mejor servicio a las comunidades escolares de la regi\u00f3n.<br>\u201cEs sumamente importante que podamos difundir el uso y ventajas del Seguro Escolar, que es administrado por el ISL, ya que existe una subutilizaci\u00f3n de este, en gran parte, debido a desconocimiento por parte de los usuarios y de la comunidad en general. El Seguro Escolar da cobertura completa a las y los estudiantes de un establecimiento reconocido por el Estado ante la ocurrencia de alg\u00fan accidente con ocasi\u00f3n de los estudios o de su pr\u00e1ctica profesional. Por tanto, es necesario continuar realizando estas jornadas y promover el uso de este beneficio\u201d, destac\u00f3 la seremi del Trabajo, Jessica Bengoa Mayorga.<br>El Seguro Escolar protege a todos los estudiantes desde sala cuna hasta la pr\u00e1ctica profesional, ya sean establecimientos p\u00fablicos, particulares subvencionados o privados reconocidos por el Estado. Su cobertura incluye atenci\u00f3n m\u00e9dica gratuita en caso de accidentes durante actividades<\/p>\n\n\n\n<p>Instituto de Seguridad Laboral: servicio p\u00fablico dependiente de la Subsecretar\u00eda de Previsi\u00f3n Social del Ministerio del Trabajo y organismo administrador de la Ley 16.744 del Seguro Social contra Riesgos de Accidentes del Trabajo y Enfermedades Profesionales<\/p>\n","protected":false},"excerpt":{"rendered":"<p>Con la presencia de representantes de establecimientos educacionales, jardines infantiles y funcionarios del Hospital Dr. Augusto Essmann Burgos, se realiz\u00f3 en Puerto Natales una jornada de capacitaci\u00f3n sobre el Seguro&#8230; <a class=\"read-more\" href=\"https:\/\/www.radiopresidenteibanez.cl\/web\/isl-magallanes-refuerza-aplicacion-del-seguro-escolar-en-puerto-natales\/\">Leer m\u00e1s<\/a><\/p>\n","protected":false},"author":2,"featured_media":58507,"comment_status":"closed","ping_status":"closed","sticky":false,"template":"","format":"standard","meta":{"footnotes":""},"categories":[1],"tags":[],"class_list":["post-58506","post","type-post","status-publish","format-standard","has-post-thumbnail","hentry","category-cronica"],"_links":{"self":[{"href":"https:\/\/www.radiopresidenteibanez.cl\/web\/wp-json\/wp\/v2\/posts\/58506","targetHints":{"allow":["GET"]}}],"collection":[{"href":"https:\/\/www.radiopresidenteibanez.cl\/web\/wp-json\/wp\/v2\/posts"}],"about":[{"href":"https:\/\/www.radiopresidenteibanez.cl\/web\/wp-json\/wp\/v2\/types\/post"}],"author":[{"embeddable":true,"href":"https:\/\/www.radiopresidenteibanez.cl\/web\/wp-json\/wp\/v2\/users\/2"}],"replies":[{"embeddable":true,"href":"https:\/\/www.radiopresidenteibanez.cl\/web\/wp-json\/wp\/v2\/comments?post=58506"}],"version-history":[{"count":0,"href":"https:\/\/www.radiopresidenteibanez.cl\/web\/wp-json\/wp\/v2\/posts\/58506\/revisions"}],"wp:featuredmedia":[{"embeddable":true,"href":"https:\/\/www.radiopresidenteibanez.cl\/web\/wp-json\/wp\/v2\/media\/58507"}],"wp:attachment":[{"href":"https:\/\/www.radiopresidenteibanez.cl\/web\/wp-json\/wp\/v2\/media?parent=58506"}],"wp:term":[{"taxonomy":"category","embeddable":true,"href":"https:\/\/www.radiopresidenteibanez.cl\/web\/wp-json\/wp\/v2\/categories?post=58506"},{"taxonomy":"post_tag","embeddable":true,"href":"https:\/\/www.radiopresidenteibanez.cl\/web\/wp-json\/wp\/v2\/tags?post=58506"}],"curies":[{"name":"wp","href":"https:\/\/api.w.org\/{rel}","templated":true}]}}