{"id":58503,"date":"2025-08-27T13:09:00","date_gmt":"2025-08-27T16:09:00","guid":{"rendered":"https:\/\/www.radiopresidenteibanez.cl\/web\/?p=58503"},"modified":"2025-08-27T10:48:55","modified_gmt":"2025-08-27T13:48:55","slug":"liceo-politecnico-raul-silva-henriquez-representara-a-magallanes-en-el-torneo-de-debate-escolar-participativo-2025","status":"publish","type":"post","link":"https:\/\/www.radiopresidenteibanez.cl\/web\/liceo-politecnico-raul-silva-henriquez-representara-a-magallanes-en-el-torneo-de-debate-escolar-participativo-2025\/","title":{"rendered":"Liceo Polit\u00e9cnico Ra\u00fal Silva Henr\u00edquez representar\u00e1 a Magallanes en el Torneo de Debate Escolar Participativo 2025"},"content":{"rendered":"\n<p>Esta ma\u00f1ana se realiz\u00f3 la jornada final del primer<br>Torneo de Debate Escolar Participativo, organizado por la unidad de Formaci\u00f3n<br>Ciudadana del Ministerio de Educaci\u00f3n en el territorio, que cont\u00f3 con la<br>participaci\u00f3n de la Escuela Patagonia, el Colegio Charles Darwin, el Liceo Juan<br>Bautista Contardi y el Liceo Polit\u00e9cnico Cardenal Ra\u00fal Silva Henr\u00edquez.<br>La final se defini\u00f3 entre los establecimientos educacionales: Colegio Charles<br>Darwin y Liceo Polit\u00e9cnico Cardenal Ra\u00fal Silva Henr\u00edquez, cuyos equipos<br>debatieron en torno<br>a la moci\u00f3n: \u201cEsta casa, como un estudiante secundario promedio, inhabilitar\u00eda<br>cualquier uso de inteligencia artificial en contextos escolares\u201d, resultando ganador<br>el equipo del Liceo Cardenal Ra\u00fal Silva Henr\u00edquez, que representar\u00e1 a la regi\u00f3n<br>en la Final Nacional que se desarrollar\u00e1 en Santiago, en fecha a definir. En la<br>instancia se entreg\u00f3 reconocimientos a las estudiantes Emilia Ojeda Hichins,<br>Antonella Frank Mansilla y Hermairys Ch\u00e1vez Espitia, como las mejores oradoras<br>del certamen.<br>El jurado fue compuesto por los estudiantes de Umag y miembros de la Sociedad<br>de Debates: Mat\u00edas Bahamonde Drummond, Jos\u00e9 Marcelo Oyarz\u00fan Paillacar,<br>Nicolas Sanchez Bour y Basti\u00e1n Guerra Ag\u00fcero; los profesionales de la Secretar\u00eda<br>Regional Ministerial de Educaci\u00f3n, Patricio \u00c1lvarez Paredes, Lenna Arriagada<br>Albarr\u00e1n y Eric Molinet Oyarz\u00fan.<br>Al respecto, el seremi de Educaci\u00f3n Valent\u00edn Aguilera G\u00f3mez, explic\u00f3 que en el<br>debate \u201cse han tocado temas de contingencia como la inteligencia artificial, pero<br>adem\u00e1s todas las personas que han participado han podido desarrollar<br>herramientas muy importantes como la argumentaci\u00f3n, la expresi\u00f3n oral, la<br>formaci\u00f3n en contingencia y en temas ciudadanos y, por supuesto, una t\u00e9cnica<br>que es muy importante desde el punto de vista de la resoluci\u00f3n pac\u00edfica de las<br>diferencias\u201d, agregando que la idea es realizar nuevas versiones en la regi\u00f3n.<br>El profesor de Lenguaje y Filosof\u00eda del Liceo Polit\u00e9cnico Cardenal Ra\u00fal Silva<br>Henr\u00edquez, Lucas Puz Segovia, al igual que su equipo de estudiantes no hab\u00eda<br>participado en un torneo de debate como gu\u00eda, por lo que coment\u00f3 \u201cha sido una<br>experiencia completamente nueva, inesperada. Lo mejor de todo es que los chicos<br>lo han pasado bien\u201d, subray\u00f3.<\/p>\n\n\n\n<p>Agustina Ojeda Huenteo, del equipo del Liceo Polit\u00e9cnico destac\u00f3 que \u201csiempre va<br>a ser lo m\u00e1s complicado tener que hablar frente a mucha gente, pero el poder<br>superarlo es lo mejor que pudimos hacer como equipo y como personas\u201d, en tanto<br>expres\u00f3 su alegr\u00eda porque \u201cfue una competencia bastante dura entre todos los<br>colegios y adem\u00e1s fue una instancia de conocimiento, de compartir con muchas<br>personas\u201d.<br>Su compa\u00f1era, Hermairys Ch\u00e1vez Espitia, del Liceo Polit\u00e9cnico, explic\u00f3 que la<br>actividad sirvi\u00f3 para conocer visiones de otros colegios y compa\u00f1eros debatientes.<br>\u201cAprendimos bastante de ellos, ya que como colegio no se nos han abierto<br>instancias como estas, sino que son cosas m\u00e1s internas. Supimos aprovechar<br>bastante y aprendimos mucho\u201d.<br>El estudiante, Mat\u00edas B\u00f3rquez Mancilla, de s\u00e9ptimo b\u00e1sico de la Escuela<br>Patagonia, se\u00f1al\u00f3 que esta experiencia fue muy buena \u201cpara estar preparados<br>para el futuro y para aprender muchas cosas\u201d. Su compa\u00f1era de curso, Luciana<br>Contreras Sarmiento, indic\u00f3: \u201csinceramente siento que, aunque estuve muy<br>nerviosa ayer, fue una gran experiencia, un gran aprendizaje. Siento que esto me<br>puede servir para el futuro o para algo m\u00e1s\u201d. Para Antonella Frank Mansilla,<br>estudiante del Colegio Charles Darwin \u201cfue entretenido participar con otros<br>colegios con los que no hab\u00eda participado y fue una experiencia muy formativa en<br>general\u201d.<br>Ahora, solo resta esperar que al equipo del Liceo Polit\u00e9cnico le vaya excelente en<br>la final nacional y logre obtener nuevos y valiosos aprendizajes.<\/p>\n","protected":false},"excerpt":{"rendered":"<p>Esta ma\u00f1ana se realiz\u00f3 la jornada final del primerTorneo de Debate Escolar Participativo, organizado por la unidad de Formaci\u00f3nCiudadana del Ministerio de Educaci\u00f3n en el territorio, que cont\u00f3 con laparticipaci\u00f3n&#8230; <a class=\"read-more\" href=\"https:\/\/www.radiopresidenteibanez.cl\/web\/liceo-politecnico-raul-silva-henriquez-representara-a-magallanes-en-el-torneo-de-debate-escolar-participativo-2025\/\">Leer m\u00e1s<\/a><\/p>\n","protected":false},"author":2,"featured_media":58504,"comment_status":"closed","ping_status":"closed","sticky":false,"template":"","format":"standard","meta":{"footnotes":""},"categories":[1],"tags":[],"class_list":["post-58503","post","type-post","status-publish","format-standard","has-post-thumbnail","hentry","category-cronica"],"_links":{"self":[{"href":"https:\/\/www.radiopresidenteibanez.cl\/web\/wp-json\/wp\/v2\/posts\/58503","targetHints":{"allow":["GET"]}}],"collection":[{"href":"https:\/\/www.radiopresidenteibanez.cl\/web\/wp-json\/wp\/v2\/posts"}],"about":[{"href":"https:\/\/www.radiopresidenteibanez.cl\/web\/wp-json\/wp\/v2\/types\/post"}],"author":[{"embeddable":true,"href":"https:\/\/www.radiopresidenteibanez.cl\/web\/wp-json\/wp\/v2\/users\/2"}],"replies":[{"embeddable":true,"href":"https:\/\/www.radiopresidenteibanez.cl\/web\/wp-json\/wp\/v2\/comments?post=58503"}],"version-history":[{"count":0,"href":"https:\/\/www.radiopresidenteibanez.cl\/web\/wp-json\/wp\/v2\/posts\/58503\/revisions"}],"wp:featuredmedia":[{"embeddable":true,"href":"https:\/\/www.radiopresidenteibanez.cl\/web\/wp-json\/wp\/v2\/media\/58504"}],"wp:attachment":[{"href":"https:\/\/www.radiopresidenteibanez.cl\/web\/wp-json\/wp\/v2\/media?parent=58503"}],"wp:term":[{"taxonomy":"category","embeddable":true,"href":"https:\/\/www.radiopresidenteibanez.cl\/web\/wp-json\/wp\/v2\/categories?post=58503"},{"taxonomy":"post_tag","embeddable":true,"href":"https:\/\/www.radiopresidenteibanez.cl\/web\/wp-json\/wp\/v2\/tags?post=58503"}],"curies":[{"name":"wp","href":"https:\/\/api.w.org\/{rel}","templated":true}]}}