{"id":58497,"date":"2025-08-27T10:49:00","date_gmt":"2025-08-27T13:49:00","guid":{"rendered":"https:\/\/www.radiopresidenteibanez.cl\/web\/?p=58497"},"modified":"2025-08-27T10:29:13","modified_gmt":"2025-08-27T13:29:13","slug":"exitosa-participacion-de-porvenir-en-torneo-de-taekwondo-regional","status":"publish","type":"post","link":"https:\/\/www.radiopresidenteibanez.cl\/web\/exitosa-participacion-de-porvenir-en-torneo-de-taekwondo-regional\/","title":{"rendered":"Exitosa Participaci\u00f3n de Porvenir en Torneo de Taekwondo Regional"},"content":{"rendered":"\n<p>Con gran entusiasmo y orgullo, la Academia de Taekwondo \u201cGuerreros de Porvenir\u201d retorn\u00f3 a<br>Porvenir despu\u00e9s de una destacada participaci\u00f3n en el 8\u00aa versi\u00f3n del Torneo Regional Open Kyung<br>2025, realizado en Punta Arenas. El encuentro fue organizado por la Academia \u201cKyung\u201d el pasado<br>domingo 24 de agosto de 2025.<br>Un total de 15 alumnos representaron a la comuna de Porvenir, demostrando no solo un alto nivel<br>t\u00e9cnico en taekwondo, sino tambi\u00e9n valores fundamentales como el respeto, la perseverancia y el<br>trabajo en equipo. Los deportistas compitieron en diversas categor\u00edas desde precompetitivo hasta<br>senior.<br>El instructor de la academia, Gaspar Obreque Urra, destac\u00f3 el desempe\u00f1o de las y los alumnos y<br>agradeci\u00f3 el compromiso de las familias, as\u00ed como el apoyo recibido por parte de la Delegaci\u00f3n<br>Presidencial Provincial de Tierra del Fuego, que apoy\u00f3 a la academia a trav\u00e9s del subsidio<br>mar\u00edtimo, un beneficio que se entrega a las y los habitantes de la provincia para que puedan viajar<br>hasta Punta Arenas en la barcaza de manera gratuita.<br>\u201cLa disponibilidad para colaborar con agrupaciones dedicadas al deporte y la cultura existe y se<br>concreta a trav\u00e9s del subsidio mar\u00edtimo que es la manera en que el Estado puede brindar un<br>aporte directo a ni\u00f1os, ni\u00f1as y sus familias en instancias como esta. El deporte y la cultura son<br>claves para la representaci\u00f3n de nuestra provincia en el resto de la regi\u00f3n y tambi\u00e9n para facilitar<br>su desarrollo y la inclusi\u00f3n de nuestros habitantes\u201d, se\u00f1al\u00f3 el delegado provincial, Jos\u00e9 Campos<br>Prieto.<br>Una de las participantes destacadas fue, Agustina Silva Canales de 7 a\u00f1os, quien logr\u00f3 excelentes<br>resultados, siendo destacada como mejor competidora en su categor\u00eda precompetitiva.<br>\u201cEsta participaci\u00f3n no solo fue una experiencia deportiva significativa, sino tambi\u00e9n una<br>oportunidad para compartir con otras academias y continuar creciendo como comunidad\u201d, se\u00f1al\u00f3<br>el instructor Obreque.<br>As\u00ed mismo, el instructor destac\u00f3 la participaci\u00f3n de: Mat\u00edas Obreque; Albert Guti\u00e9rrez; Lincoy\u00e1n<br>Vallejos; Mirkko Aguilar; Damaris Ibarra; Diana V\u00e1squez; Catalina Navarro; Iker D\u00edaz; Elisa Farf\u00e1n;<br>Juan Jos\u00e9 Orellana; Mateo Laya; Renzo Herrera y Amparo D\u00edaz.<br>El resultado de esta jornada confirma el crecimiento y proyecci\u00f3n del taekwondo en Porvenir,<br>motivando a seguir trabajando en el desarrollo integral de j\u00f3venes deportistas.<\/p>\n","protected":false},"excerpt":{"rendered":"<p>Con gran entusiasmo y orgullo, la Academia de Taekwondo \u201cGuerreros de Porvenir\u201d retorn\u00f3 aPorvenir despu\u00e9s de una destacada participaci\u00f3n en el 8\u00aa versi\u00f3n del Torneo Regional Open Kyung2025, realizado en&#8230; <a class=\"read-more\" href=\"https:\/\/www.radiopresidenteibanez.cl\/web\/exitosa-participacion-de-porvenir-en-torneo-de-taekwondo-regional\/\">Leer m\u00e1s<\/a><\/p>\n","protected":false},"author":2,"featured_media":58498,"comment_status":"closed","ping_status":"closed","sticky":false,"template":"","format":"standard","meta":{"footnotes":""},"categories":[1],"tags":[],"class_list":["post-58497","post","type-post","status-publish","format-standard","has-post-thumbnail","hentry","category-cronica"],"_links":{"self":[{"href":"https:\/\/www.radiopresidenteibanez.cl\/web\/wp-json\/wp\/v2\/posts\/58497","targetHints":{"allow":["GET"]}}],"collection":[{"href":"https:\/\/www.radiopresidenteibanez.cl\/web\/wp-json\/wp\/v2\/posts"}],"about":[{"href":"https:\/\/www.radiopresidenteibanez.cl\/web\/wp-json\/wp\/v2\/types\/post"}],"author":[{"embeddable":true,"href":"https:\/\/www.radiopresidenteibanez.cl\/web\/wp-json\/wp\/v2\/users\/2"}],"replies":[{"embeddable":true,"href":"https:\/\/www.radiopresidenteibanez.cl\/web\/wp-json\/wp\/v2\/comments?post=58497"}],"version-history":[{"count":0,"href":"https:\/\/www.radiopresidenteibanez.cl\/web\/wp-json\/wp\/v2\/posts\/58497\/revisions"}],"wp:featuredmedia":[{"embeddable":true,"href":"https:\/\/www.radiopresidenteibanez.cl\/web\/wp-json\/wp\/v2\/media\/58498"}],"wp:attachment":[{"href":"https:\/\/www.radiopresidenteibanez.cl\/web\/wp-json\/wp\/v2\/media?parent=58497"}],"wp:term":[{"taxonomy":"category","embeddable":true,"href":"https:\/\/www.radiopresidenteibanez.cl\/web\/wp-json\/wp\/v2\/categories?post=58497"},{"taxonomy":"post_tag","embeddable":true,"href":"https:\/\/www.radiopresidenteibanez.cl\/web\/wp-json\/wp\/v2\/tags?post=58497"}],"curies":[{"name":"wp","href":"https:\/\/api.w.org\/{rel}","templated":true}]}}